{"id":616,"date":"2019-08-30T08:29:48","date_gmt":"2019-08-30T06:29:48","guid":{"rendered":"http:\/\/blogg.sh.se\/reinvent\/?p=616"},"modified":"2019-08-30T08:29:48","modified_gmt":"2019-08-30T06:29:48","slug":"reinvent-medverkar-pa-samhallsbyggardagarna-2019","status":"publish","type":"post","link":"https:\/\/blogg.sh.se\/reinvent\/nyhet\/reinvent-medverkar-pa-samhallsbyggardagarna-2019\/","title":{"rendered":"Reinvent medverkar p\u00e5 Samh\u00e4llsbyggardagarna 2019"},"content":{"rendered":"\n<p>Reinvent medverkar p\u00e5 Samh\u00e4llsbyggardagarna, 1\u20132 oktober 2019, genom Jonas Lindstr\u00f6m, fil dr i sociologi och lektor i socialt arbete som en av \u00e5rets huvudtalare. L\u00e4s mer h\u00e4r: <a href=\"http:\/\/sbdagarna.se\/2019\/08\/13\/lar-kanna-huvudtalaren-jonas-lindstrom\/ \">http:\/\/sbdagarna.se\/2019\/08\/13\/lar-kanna-huvudtalaren-jonas-lindstrom\/ <\/a><br> Temat f\u00f6r \u00e5rets konferens \u00e4r Framtidens boende och \u00e4ger rum p\u00e5 Stockholm Waterfront. H\u00e4r finns mer information om hela eventet: <a href=\"http:\/\/sbdagarna.se\/omeventet\/\">http:\/\/sbdagarna.se\/omeventet\/<\/a><\/p>\n","protected":false},"excerpt":{"rendered":"<p>Reinvent medverkar p\u00e5 Samh\u00e4llsbyggardagarna, 1\u20132 oktober 2019, genom Jonas Lindstr\u00f6m, fil dr i sociologi och lektor i socialt arbete som en av \u00e5rets huvudtalare. L\u00e4s mer h\u00e4r: http:\/\/sbdagarna.se\/2019\/08\/13\/lar-kanna-huvudtalaren-jonas-lindstrom\/ Temat f\u00f6r \u00e5rets konferens \u00e4r Framtidens boende och \u00e4ger rum p\u00e5 Stockholm Waterfront. H\u00e4r finns mer information om hela eventet: http:\/\/sbdagarna.se\/omeventet\/<\/p>\n","protected":false},"author":2,"featured_media":0,"comment_status":"closed","ping_status":"open","sticky":false,"template":"","format":"standard","meta":[],"categories":[4],"tags":[],"_links":{"self":[{"href":"https:\/\/blogg.sh.se\/reinvent\/wp-json\/wp\/v2\/posts\/616"}],"collection":[{"href":"https:\/\/blogg.sh.se\/reinvent\/wp-json\/wp\/v2\/posts"}],"about":[{"href":"https:\/\/blogg.sh.se\/reinvent\/wp-json\/wp\/v2\/types\/post"}],"author":[{"embeddable":true,"href":"https:\/\/blogg.sh.se\/reinvent\/wp-json\/wp\/v2\/users\/2"}],"replies":[{"embeddable":true,"href":"https:\/\/blogg.sh.se\/reinvent\/wp-json\/wp\/v2\/comments?post=616"}],"version-history":[{"count":1,"href":"https:\/\/blogg.sh.se\/reinvent\/wp-json\/wp\/v2\/posts\/616\/revisions"}],"predecessor-version":[{"id":617,"href":"https:\/\/blogg.sh.se\/reinvent\/wp-json\/wp\/v2\/posts\/616\/revisions\/617"}],"wp:attachment":[{"href":"https:\/\/blogg.sh.se\/reinvent\/wp-json\/wp\/v2\/media?parent=616"}],"wp:term":[{"taxonomy":"category","embeddable":true,"href":"https:\/\/blogg.sh.se\/reinvent\/wp-json\/wp\/v2\/categories?post=616"},{"taxonomy":"post_tag","embeddable":true,"href":"https:\/\/blogg.sh.se\/reinvent\/wp-json\/wp\/v2\/tags?post=616"}],"curies":[{"name":"wp","href":"https:\/\/api.w.org\/{rel}","templated":true}]}}