{"id":593,"date":"2019-06-03T13:14:05","date_gmt":"2019-06-03T11:14:05","guid":{"rendered":"http:\/\/blogg.sh.se\/reinvent\/?p=593"},"modified":"2019-09-11T08:52:37","modified_gmt":"2019-09-11T06:52:37","slug":"reinvent-deltar-pa-jarvaveckan-i-juni-och-i-almedalen-i-juli-2019","status":"publish","type":"post","link":"https:\/\/blogg.sh.se\/reinvent\/nyhet\/reinvent-deltar-pa-jarvaveckan-i-juni-och-i-almedalen-i-juli-2019\/","title":{"rendered":"Reinvent deltar p\u00e5 J\u00e4rvaveckan i juni och i Almedalen i juli 2019!"},"content":{"rendered":"\n<p><strong><em>Torsdagen den 4 juli 2019 i Almedalen: H\u00e5llbar bostads- och skolpolitik i suburbana milj\u00f6er&nbsp; <\/em><\/strong><\/p>\n\n\n\n<p>Stockholm s\u00e4gs vara en delad stad, d\u00e4r s\u00e5v\u00e4l boende- som skolsegregation \u00e4r \u00e5terkommande fr\u00e5gor i samh\u00e4llsdebatten. Insatser g\u00f6rs, men sker n\u00e5gon egentlig f\u00f6r\u00e4ndring? \u00d6kar eller minskar segregationen i s\u00f6dra Stockholm och andra suburbana milj\u00f6er? Och vad skulle kunna g\u00f6ras? Forskare och experter knutna till forskningscentret Reinvent vid S\u00f6dert\u00f6rns h\u00f6gskola pekar p\u00e5 m\u00f6jliga l\u00f6sningar. Medverkande: Mats Bergman, professor i nationalekonomi, Dany Kessel, FD i nationalekonomi, Hans Lind, professor i fastighetsekonomi och Helena Olsson, Fastighets\u00e4garna Stockholm<\/p>\n\n\n\n<p>N\u00e4r och var: kl. 11-12 i B-huset, Uppsala universitet, Campus&nbsp;Visby, Huvudentr\u00e9 Cram\u00e9rgatan 3 &nbsp;<\/p>\n\n\n\n<p><strong><em>Fredagen den 14 juni p\u00e5 J\u00e4rvavecakan: <\/em>Just do it \u2013 Hur hittar vi tillsammans l\u00f6sningarna som motverkar segregation?<\/strong><\/p>\n\n\n\n<p>Jonas Lindstr\u00f6m,  FD i sociologi och lektor i socialt arbete som forskar i Reinvents projekt &#8221;Att \u00e5terskapa f\u00f6rorten&#8221; medverkar i ett panelsamtal i som arrangeras av G\u00e5l\u00f6stiftelsen.<\/p>\n\n\n\n<p>Ett l\u00f6sningsinriktat panelsamtal om inkludering i ett segregerat samh\u00e4lle d\u00e4r teori  blandas med praktiska exempel. Vad g\u00f6r segregationen med oss som individer och samh\u00e4lle och vem eller vilka roller och sektorer \u00e4r betydelsefulla f\u00f6r att skapa inkludering? \u00d6vriga deltagare: Christoffer Bohman, bitr\u00e4dande lokalpolischef i J\u00e4rva | Nanny Marianovic, verksamhetschef, Project Playground, Hallonbergen | Fredrik Hillelsson, grundare, VD Novare. Samtalet modereras av Lotta Lundberg.<\/p>\n\n\n\n<p>  <br><strong><em>Torsdag 13 juni 2019 p\u00e5 J\u00e4rvaveckan: <\/em><\/strong> <strong>Intr\u00e4de p\u00e5 arbetsmarknaden &#8211; bryta exkludering &#8211; g\u00f6rs det tillr\u00e4ckligt?<\/strong> <\/p>\n\n\n\n<p>Jonas Lindstr\u00f6m, FD i sociologi och lektor i socialt arbete som forskar i Reinvents projekt &#8221;Att \u00e5terskapa f\u00f6rorten&#8221; medverkar i ett panelsamtal i arrangemang av MISA AB.<\/p>\n\n\n\n<p>M\u00e5nga unga och unga vuxna har inte en likv\u00e4rdig utg\u00e5ngspunkt att n\u00e5 social inkludering och intr\u00e4de i arbetslivet. Vilka hinder st\u00e5r i v\u00e4gen, vilka behov beskriver de unga och vilka v\u00e4rden st\u00e5r p\u00e5 spel? Ing\u00e5ng till arbetsmarknaden och studier \u00e4r en avg\u00f6rande faktor f\u00f6r att n\u00e5 samh\u00e4llsdelaktighet och framtidshopp. Lyssna p\u00e5 ett panelsamtal som arrangeras av MISA, kl 17.30-18.30 i seminariet\u00e4lt 3 som modereras av Maria Heimer \u00c5kerlund, socionom, Misa AB . \u00d6vriga deltagare: Clea Rodziewicz, ungdomscoach, Misa Ung | Josefin Malmqvist (M), Arbetsmarknadsutskottet | Serkan K\u00f6se (S), Arbetsmarknadsutskottet | Andreas Nygren, grundare, Process Kedjan | Mats Hoffmann, aff\u00e4rsutvecklare, Dipart Entrepenad AB | Clara Castenb\u00e4ck, Process Kedjan | Finicia, Process Kedjan | Finicia &amp; Clara Castenb\u00e4ck musikframtr\u00e4dande | Abraham Kinning, poetryslam<\/p>\n\n\n\n<p><strong><em>Onsdag 12 juni 2019 p\u00e5 J\u00e4rvaveckan: <\/em>\u00d6kad delaktighet i kulturlivet \u2013 hur kan det \u00e5stadkommas? <\/strong>&nbsp;<\/p>\n\n\n\n<p>Lena Sohl, FD i sociologi och knuten till h\u00f6gskolans forskningscentrum Reinvent, har deltagit i utv\u00e4rderingen av regeringssatsningen <em>\u201d\u00c4ga rum\u201d <\/em>och dess tv\u00e5 delprojekt: <em>\u201dKonst h\u00e4nder\u201d<\/em> och <em>\u201dKreativa platser\u201d<\/em> som genomf\u00f6rts p\u00e5 uppdrag av Myndigheten f\u00f6r kulturanalys. Syftet med satsningen var dels att \u00f6ka kulturutbudet, dels att&nbsp;f\u00e5 en \u00f6kad delaktighet i kulturlivet genom att involvera nya grupper i kulturlivet. Blev det s\u00e5?<\/p>\n\n\n\n<p>Onsdagen den 12 juni 2019, kl. 14-15 arrangerar Myndigheten f\u00f6r kulturanalys ett panelsamtal p\u00e5 temat: <em><strong>\u00d6kad delaktighet i kulturlivet \u2013 hur kan det \u00e5stadkommas?<\/strong><\/em><strong> <\/strong>Lena Sohl medverkar i panelen tillsammans med: Per Sternbeck, projektledare Jordbro, Konst h\u00e4nder, Mireya Monserrat, projektledare Syskonskap, Kreativa platser, Lena From, Statens Konstr\u00e5d, Viktoria Nguema, tidigare Kulturr\u00e5det och Pelle Amberntsson, utredare, Kulturanalys. P\u00e5l Castell, landskapsarkitekt och samh\u00e4llsplanerare, modererar samtalet. <\/p>\n\n\n\n<h4 id=\"mce_3\"><\/h4>\n\n\n\n<p><\/p>\n\n\n\n<p>| <\/p>\n","protected":false},"excerpt":{"rendered":"<p>Torsdagen den 4 juli 2019 i Almedalen: H\u00e5llbar bostads- och skolpolitik i suburbana milj\u00f6er&nbsp; Stockholm s\u00e4gs vara en delad stad, d\u00e4r s\u00e5v\u00e4l boende- som skolsegregation \u00e4r \u00e5terkommande fr\u00e5gor i samh\u00e4llsdebatten. Insatser g\u00f6rs, men sker n\u00e5gon egentlig f\u00f6r\u00e4ndring? \u00d6kar eller minskar segregationen i s\u00f6dra Stockholm och andra suburbana milj\u00f6er? Och vad skulle kunna g\u00f6ras? Forskare och [&hellip;]<\/p>\n","protected":false},"author":2,"featured_media":0,"comment_status":"closed","ping_status":"open","sticky":false,"template":"","format":"standard","meta":[],"categories":[4,6],"tags":[],"_links":{"self":[{"href":"https:\/\/blogg.sh.se\/reinvent\/wp-json\/wp\/v2\/posts\/593"}],"collection":[{"href":"https:\/\/blogg.sh.se\/reinvent\/wp-json\/wp\/v2\/posts"}],"about":[{"href":"https:\/\/blogg.sh.se\/reinvent\/wp-json\/wp\/v2\/types\/post"}],"author":[{"embeddable":true,"href":"https:\/\/blogg.sh.se\/reinvent\/wp-json\/wp\/v2\/users\/2"}],"replies":[{"embeddable":true,"href":"https:\/\/blogg.sh.se\/reinvent\/wp-json\/wp\/v2\/comments?post=593"}],"version-history":[{"count":19,"href":"https:\/\/blogg.sh.se\/reinvent\/wp-json\/wp\/v2\/posts\/593\/revisions"}],"predecessor-version":[{"id":624,"href":"https:\/\/blogg.sh.se\/reinvent\/wp-json\/wp\/v2\/posts\/593\/revisions\/624"}],"wp:attachment":[{"href":"https:\/\/blogg.sh.se\/reinvent\/wp-json\/wp\/v2\/media?parent=593"}],"wp:term":[{"taxonomy":"category","embeddable":true,"href":"https:\/\/blogg.sh.se\/reinvent\/wp-json\/wp\/v2\/categories?post=593"},{"taxonomy":"post_tag","embeddable":true,"href":"https:\/\/blogg.sh.se\/reinvent\/wp-json\/wp\/v2\/tags?post=593"}],"curies":[{"name":"wp","href":"https:\/\/api.w.org\/{rel}","templated":true}]}}