{"id":575,"date":"2019-05-16T08:10:12","date_gmt":"2019-05-16T06:10:12","guid":{"rendered":"http:\/\/blogg.sh.se\/reinvent\/?p=575"},"modified":"2019-05-16T08:10:12","modified_gmt":"2019-05-16T06:10:12","slug":"valkomna-till-bokslapp-begreppbart-om-segregation-med-efterfoljande-mingel","status":"publish","type":"post","link":"https:\/\/blogg.sh.se\/reinvent\/nyhet\/valkomna-till-bokslapp-begreppbart-om-segregation-med-efterfoljande-mingel\/","title":{"rendered":"V\u00e4lkomna till boksl\u00e4pp: beGreppbart om segregation, med efterf\u00f6ljande mingel"},"content":{"rendered":"\n<p>Jonas Lindstr\u00f6m, FD i sociologi och lektor i socialt arbete, som bl.a. forskar om inkludering och exkludering samt om &#8221;staden&#8221; och stadsutveckling, presenterar sin alldeles f\u00e4rska bok om segregation, l\u00e4s mer h\u00e4r: <a href=\"https:\/\/www.liber.se\/produkt\/begreppbart-segregation-23834\">https:\/\/www.liber.se\/produkt\/begreppbart-segregation-23834<\/a><\/p>\n\n\n\n<p>Temat f\u00f6r presentationen \u00e4r bl.a. att begreppet segregation <em>helt enkelt, inte \u00e4r s\u00e5 enkelt<\/em>: <\/p>\n\n\n\n<ul><li>Vad avses med begreppet och dess m\u00e5nga bottnar? <\/li><li>Vad menas n\u00e4r det talas om att platser \u00a0\u2013  oftast d\u00e5 bara vissa platser i bem\u00e4rkelsen \u201dutsatta omr\u00e5den\u201d \u2013 \u00e4r segregerade?  <\/li><li>F\u00f6r vem \u00e4r segregationen ett problem? \u00a0<\/li><li>Hur p\u00e5verkar segregationen samh\u00e4llet och relationer  mellan m\u00e4nniskor?<\/li><\/ul>\n\n\n\n<p><strong>N\u00e4r:<\/strong> Onsdagen den 22 maj 2019, kl. 15-17<\/p>\n\n\n\n<p><strong>Var:<\/strong> Loungen, S\u00f6dert\u00f6rns h\u00f6gskolebibliotek, Alfred Nobels all\u00e9 11, entr\u00e9plan\/plan 5, Campus Flemingsberg<\/p>\n\n\n\n<p>Efter presentationen bjuder vi p\u00e5 enklare f\u00f6rt\u00e4ring och dryck! Anm\u00e4lan g\u00f6rs till: <a href=\"mailto:reinvent@sh.se\">reinvent@sh.se<\/a>, senast m\u00e5ndagen den 20 maj 2019, f\u00f6r att minimera svinn. <\/p>\n\n\n\n<p><strong>Varmt v\u00e4lkomna!<\/strong><\/p>\n\n\n\n<p><\/p>\n","protected":false},"excerpt":{"rendered":"<p>Jonas Lindstr\u00f6m, FD i sociologi och lektor i socialt arbete, som bl.a. forskar om inkludering och exkludering samt om &#8221;staden&#8221; och stadsutveckling, presenterar sin alldeles f\u00e4rska bok om segregation, l\u00e4s mer h\u00e4r: https:\/\/www.liber.se\/produkt\/begreppbart-segregation-23834 Temat f\u00f6r presentationen \u00e4r bl.a. att begreppet segregation helt enkelt, inte \u00e4r s\u00e5 enkelt: Vad avses med begreppet och dess m\u00e5nga bottnar? [&hellip;]<\/p>\n","protected":false},"author":2,"featured_media":0,"comment_status":"closed","ping_status":"open","sticky":false,"template":"","format":"standard","meta":[],"categories":[4],"tags":[],"_links":{"self":[{"href":"https:\/\/blogg.sh.se\/reinvent\/wp-json\/wp\/v2\/posts\/575"}],"collection":[{"href":"https:\/\/blogg.sh.se\/reinvent\/wp-json\/wp\/v2\/posts"}],"about":[{"href":"https:\/\/blogg.sh.se\/reinvent\/wp-json\/wp\/v2\/types\/post"}],"author":[{"embeddable":true,"href":"https:\/\/blogg.sh.se\/reinvent\/wp-json\/wp\/v2\/users\/2"}],"replies":[{"embeddable":true,"href":"https:\/\/blogg.sh.se\/reinvent\/wp-json\/wp\/v2\/comments?post=575"}],"version-history":[{"count":4,"href":"https:\/\/blogg.sh.se\/reinvent\/wp-json\/wp\/v2\/posts\/575\/revisions"}],"predecessor-version":[{"id":579,"href":"https:\/\/blogg.sh.se\/reinvent\/wp-json\/wp\/v2\/posts\/575\/revisions\/579"}],"wp:attachment":[{"href":"https:\/\/blogg.sh.se\/reinvent\/wp-json\/wp\/v2\/media?parent=575"}],"wp:term":[{"taxonomy":"category","embeddable":true,"href":"https:\/\/blogg.sh.se\/reinvent\/wp-json\/wp\/v2\/categories?post=575"},{"taxonomy":"post_tag","embeddable":true,"href":"https:\/\/blogg.sh.se\/reinvent\/wp-json\/wp\/v2\/tags?post=575"}],"curies":[{"name":"wp","href":"https:\/\/api.w.org\/{rel}","templated":true}]}}