{"id":554,"date":"2019-02-08T11:57:45","date_gmt":"2019-02-08T10:57:45","guid":{"rendered":"http:\/\/blogg.sh.se\/reinvent\/?p=554"},"modified":"2019-02-08T11:57:45","modified_gmt":"2019-02-08T10:57:45","slug":"den-ensamma-staden-frukostseminarium-15-mars-2019-kl-0730-915-pa-wsp-stockholm","status":"publish","type":"post","link":"https:\/\/blogg.sh.se\/reinvent\/nyhet\/den-ensamma-staden-frukostseminarium-15-mars-2019-kl-0730-915-pa-wsp-stockholm\/","title":{"rendered":"Den ensamma staden: frukostseminarium 15 mars 2019, kl. 07:30-9:15 p\u00e5 WSP Stockholm"},"content":{"rendered":"<p><strong>DEN ENSAMMA STADEN: Ensamhet \u00e4r ett v\u00e4xande samh\u00e4llsproblem &#8211; hur bryter vi den utvecklingen?<\/strong><\/p>\n<p>Ofrivillig ensamhet \u00e4r ett v\u00e4xande samh\u00e4llsproblem som leder till omfattande oh\u00e4lsa. Vad kan vi som samh\u00e4llsakt\u00f6rer g\u00f6ra f\u00f6r att bryta denna utveckling? Hur kan vi utveckla boendeformer och offentliga platser som b\u00e4ttre st\u00f6djer m\u00f6ten och gemenskap? Vad beh\u00f6ver vi f\u00f6r politiska riktlinjer? \u00c4r l\u00f6sningen att som i England tills\u00e4tta en Ensamhetsminister?<\/p>\n<p>Frukostseminariet behandlar den senaste forskningen och lyfter nya insikter, metoder och resurser.<\/p>\n<p>Seminariet som \u00e4r ett samarrangemang mellan WSP Advisory och Reinvent \u00e4ger rum fredag 15 mars 2019, kl. 7.55, frukost serveras fr\u00e5n 7.30, i Bastionhallen p\u00e5 WSP i Stockholm, Arenav\u00e4gen 7 vid Globen\/Gullmarsplan<\/p>\n<p><strong>7.30 &#8211; 7.55 Frukost<\/strong><\/p>\n<p><strong>7.55 &#8211; 8.00 Inledning<\/strong><br \/>\nMaria Brogren &#8211; Chef h\u00e5llbarhet och innovation, WSP Sverige<\/p>\n<p><strong>8.00-8.20 Apostolis Papakostas<\/strong><br \/>\nVad s\u00e4ger forskningen &#8211; Ensamhet, socialt kapital och v\u00e4lbefinnande<\/p>\n<p>Apostolis Papakostas, professor i sociologi vid S\u00f6dert\u00f6rns H\u00f6gskola\/ Reinvent. Leder forskningsprojektet <em>Att \u00e5terskapa f\u00f6rorten i framgenterade landskap<\/em>.<\/p>\n<p><strong>8.20- 8.40 Kerstin K\u00e4rnekull<\/strong><br \/>\nKollektivhusboendets f\u00f6rdelar och m\u00f6jligheter, med en f\u00f6rdjupning i hur vi bygger b\u00e4st f\u00f6r v\u00e5ra \u00e4ldre medborgare<\/p>\n<p>Kerstin K\u00e4rnekull, arkitekt och f\u00f6rfattare till bl.a. Bygga f\u00f6r seniorer. Verksam i organisationen Kollektivhus NU<\/p>\n<p><strong>8.40-9.00 Christer Larsson<\/strong><br \/>\nHur kan arkitekturen hj\u00e4lpa till att bryta ensamheten?<\/p>\n<p>Christer Larsson, adj. professor i arkitektur, stadsbyggnadsdirekt\u00f6r Malm\u00f6 stad, ansvarig f\u00f6r utredningen Gestaltad livsmilj\u00f6 &#8211; en ny politik f\u00f6r arkitektur, form och design<\/p>\n<p><strong>9.00-9.15 Paneldebatt<\/strong><br \/>\nDiskussion &#8211; vilka \u00e4r de viktigaste verktygen f\u00f6r att motverka ofrivillig ensamhet?<\/p>\n<p>Seminariet \u00e4r kostnadsfritt men antalet platser \u00e4r begr\u00e4nsat. Anm\u00e4lan g\u00f6rs senast den 8 mars <strong><a href=\"https:\/\/app.emarketeer.com\/a\/plink\/row\/v1-t13j3SHcM7T9XBPIEdnRbE7dm-AAFpNIFzYdcuFAiPo.html\">h\u00e4r<\/a><\/strong><\/p>\n","protected":false},"excerpt":{"rendered":"<p>DEN ENSAMMA STADEN: Ensamhet \u00e4r ett v\u00e4xande samh\u00e4llsproblem &#8211; hur bryter vi den utvecklingen? Ofrivillig ensamhet \u00e4r ett v\u00e4xande samh\u00e4llsproblem som leder till omfattande oh\u00e4lsa. Vad kan vi som samh\u00e4llsakt\u00f6rer g\u00f6ra f\u00f6r att bryta denna utveckling? Hur kan vi utveckla boendeformer och offentliga platser som b\u00e4ttre st\u00f6djer m\u00f6ten och gemenskap? Vad beh\u00f6ver vi f\u00f6r politiska [&hellip;]<\/p>\n","protected":false},"author":2,"featured_media":0,"comment_status":"closed","ping_status":"open","sticky":false,"template":"","format":"standard","meta":[],"categories":[4,6],"tags":[],"_links":{"self":[{"href":"https:\/\/blogg.sh.se\/reinvent\/wp-json\/wp\/v2\/posts\/554"}],"collection":[{"href":"https:\/\/blogg.sh.se\/reinvent\/wp-json\/wp\/v2\/posts"}],"about":[{"href":"https:\/\/blogg.sh.se\/reinvent\/wp-json\/wp\/v2\/types\/post"}],"author":[{"embeddable":true,"href":"https:\/\/blogg.sh.se\/reinvent\/wp-json\/wp\/v2\/users\/2"}],"replies":[{"embeddable":true,"href":"https:\/\/blogg.sh.se\/reinvent\/wp-json\/wp\/v2\/comments?post=554"}],"version-history":[{"count":4,"href":"https:\/\/blogg.sh.se\/reinvent\/wp-json\/wp\/v2\/posts\/554\/revisions"}],"predecessor-version":[{"id":558,"href":"https:\/\/blogg.sh.se\/reinvent\/wp-json\/wp\/v2\/posts\/554\/revisions\/558"}],"wp:attachment":[{"href":"https:\/\/blogg.sh.se\/reinvent\/wp-json\/wp\/v2\/media?parent=554"}],"wp:term":[{"taxonomy":"category","embeddable":true,"href":"https:\/\/blogg.sh.se\/reinvent\/wp-json\/wp\/v2\/categories?post=554"},{"taxonomy":"post_tag","embeddable":true,"href":"https:\/\/blogg.sh.se\/reinvent\/wp-json\/wp\/v2\/tags?post=554"}],"curies":[{"name":"wp","href":"https:\/\/api.w.org\/{rel}","templated":true}]}}