{"id":528,"date":"2018-11-08T13:16:10","date_gmt":"2018-11-08T12:16:10","guid":{"rendered":"http:\/\/blogg.sh.se\/reinvent\/?p=528"},"modified":"2018-11-08T13:16:10","modified_gmt":"2018-11-08T12:16:10","slug":"tur-och-retur-till-framtiden-fororten-i-centrum-skarholmen-50-ar","status":"publish","type":"post","link":"https:\/\/blogg.sh.se\/reinvent\/nyhet\/tur-och-retur-till-framtiden-fororten-i-centrum-skarholmen-50-ar\/","title":{"rendered":"Tur och retur till framtiden: F\u00f6rorten i centrum \u2013 Sk\u00e4rholmen 50 \u00e5r!"},"content":{"rendered":"<p>F\u00f6lj med p\u00e5 en resa som tar oss tur och retur till framtiden. Den tar oss fr\u00e5n \u201dslumkvarteren\u201d i innerstaden till framtidstron och moderniteten i den nya ytterstaden. Resan g\u00e5r via f\u00f6rortsf\u00f6rakt och \u201dNo-Go-Zoner\u201d tillbaka till \u201dortens\u201d revival och framtidsanda.<\/p>\n<p>Forskare, samh\u00e4llsutvecklare och medborgare m\u00f6ts i ett panelsamtal som tar sitt avstamp i invigningen av Sk\u00e4rholmens centrum 1968 med den d\u00e4refter snabbt efterf\u00f6ljande debatten om betongf\u00f6rorter och f\u00f6rortsstigma. Redan tv\u00e5 dagar efter invigningen skrevs bl.a. artikeln <em>&#8221;Riv Sk\u00e4rholmen&#8221; p\u00e5 DN:s ledarplats. <\/em><\/p>\n<p>Med Sk\u00e4rholmen som utg\u00e5ngspunkt diskuteras stadsutvecklingsarbete och samh\u00e4llsbygge d\u00e5 som nu med l\u00e4rdomar f\u00f6r framtiden. Hur s\u00e5g visionerna ut f\u00f6r 50 \u00e5r sedan? Vilka var m\u00e4nniskorna som d\u00e5 flyttade till Sk\u00e4rholmen, och vad f\u00f6r slags samh\u00e4lle vill vi nu bygga och utveckla? Hur ser stadsf\u00f6rnyelseprocesserna ut idag, och vad betyder social h\u00e5llbar stadsutveckling i realiteten?<\/p>\n<p><strong><em>Paneldeltagare:<\/em><\/strong><\/p>\n<p>Karin Ahlz\u00e9n, projektchef <em>Fokus Sk\u00e4rholmen<\/em><\/p>\n<p>Mats Franz\u00e9n, professor em. <em>Institutet f\u00f6r bostads- och urbanforskning<\/em> vid Uppsala universitet<\/p>\n<p>Stephan Guiance, Sk\u00e4rholms-\/S\u00e4trabo <em>d\u00e5 som nu<\/em><\/p>\n<p>Assefa Hailu, projektledare <em>Mitt 127<\/em><\/p>\n<p><strong><em>Moderator<\/em><\/strong>: Jonas Lindstr\u00f6m, fil dr. <em>Reinvent<\/em> vid S\u00f6dert\u00f6rns h\u00f6gskola<\/p>\n<p><strong>N\u00e4r:<\/strong> onsdag 28 november 2018, kl. 16-18<\/p>\n<p><strong>Var:<\/strong> Kulturhuset Stadsteatern i Sk\u00e4rholmen (Bodholmsg\u00e5ngen 11, Sk\u00e4rholmen C)<\/p>\n<p><strong>Fri entr\u00e9. Varmt v\u00e4lkomna! <\/strong><\/p>\n<p><strong>Arrang\u00f6r:<\/strong> Forskningscentret Reinvent vid S\u00f6dert\u00f6rns h\u00f6gskola i samarbete med Stockholms stad<\/p>\n","protected":false},"excerpt":{"rendered":"<p>F\u00f6lj med p\u00e5 en resa som tar oss tur och retur till framtiden. Den tar oss fr\u00e5n \u201dslumkvarteren\u201d i innerstaden till framtidstron och moderniteten i den nya ytterstaden. Resan g\u00e5r via f\u00f6rortsf\u00f6rakt och \u201dNo-Go-Zoner\u201d tillbaka till \u201dortens\u201d revival och framtidsanda. Forskare, samh\u00e4llsutvecklare och medborgare m\u00f6ts i ett panelsamtal som tar sitt avstamp i invigningen av [&hellip;]<\/p>\n","protected":false},"author":2,"featured_media":0,"comment_status":"closed","ping_status":"open","sticky":false,"template":"","format":"standard","meta":[],"categories":[7,4,6],"tags":[],"_links":{"self":[{"href":"https:\/\/blogg.sh.se\/reinvent\/wp-json\/wp\/v2\/posts\/528"}],"collection":[{"href":"https:\/\/blogg.sh.se\/reinvent\/wp-json\/wp\/v2\/posts"}],"about":[{"href":"https:\/\/blogg.sh.se\/reinvent\/wp-json\/wp\/v2\/types\/post"}],"author":[{"embeddable":true,"href":"https:\/\/blogg.sh.se\/reinvent\/wp-json\/wp\/v2\/users\/2"}],"replies":[{"embeddable":true,"href":"https:\/\/blogg.sh.se\/reinvent\/wp-json\/wp\/v2\/comments?post=528"}],"version-history":[{"count":3,"href":"https:\/\/blogg.sh.se\/reinvent\/wp-json\/wp\/v2\/posts\/528\/revisions"}],"predecessor-version":[{"id":531,"href":"https:\/\/blogg.sh.se\/reinvent\/wp-json\/wp\/v2\/posts\/528\/revisions\/531"}],"wp:attachment":[{"href":"https:\/\/blogg.sh.se\/reinvent\/wp-json\/wp\/v2\/media?parent=528"}],"wp:term":[{"taxonomy":"category","embeddable":true,"href":"https:\/\/blogg.sh.se\/reinvent\/wp-json\/wp\/v2\/categories?post=528"},{"taxonomy":"post_tag","embeddable":true,"href":"https:\/\/blogg.sh.se\/reinvent\/wp-json\/wp\/v2\/tags?post=528"}],"curies":[{"name":"wp","href":"https:\/\/api.w.org\/{rel}","templated":true}]}}