{"id":522,"date":"2018-11-08T12:58:09","date_gmt":"2018-11-08T11:58:09","guid":{"rendered":"http:\/\/blogg.sh.se\/reinvent\/?p=522"},"modified":"2018-11-08T12:59:51","modified_gmt":"2018-11-08T11:59:51","slug":"lunchseminarium-21-11-2018-kl-11-13-en-post-urban-varld-och-nya-perspektiv-pa-urban-utveckling","status":"publish","type":"post","link":"https:\/\/blogg.sh.se\/reinvent\/nyhet\/lunchseminarium-21-11-2018-kl-11-13-en-post-urban-varld-och-nya-perspektiv-pa-urban-utveckling\/","title":{"rendered":"Lunchseminarium 21\/11 2018, kl 11-13: En post-urban v\u00e4rld och nya perspektiv p\u00e5 urban utveckling\u00a0"},"content":{"rendered":"<p style=\"margin: 0px 0px 18px; color: #2e3137; font-family: Arial, 'Helvetica Neue', Helvetica, sans-serif; font-size: 14px; font-style: normal; font-variant-ligatures: normal; font-variant-caps: normal; font-weight: 400; letter-spacing: normal; orphans: 2; text-align: start; text-indent: 0px; text-transform: none; white-space: normal; widows: 2; word-spacing: 0px; -webkit-text-stroke-width: 0px; background-color: #ffffff; text-decoration-style: initial; text-decoration-color: initial;\"><b>Reinvent<\/b><b>\u00a0<\/b><b>vid\u00a0<\/b><b>i<\/b><b>nstitutionen f\u00f6r samh\u00e4llsvetenskaper, S\u00f6dert\u00f6rns h\u00f6gskola <\/b><b>bjuder in till lunchseminarium i samarrangemang med h\u00f6gre seminariet i FEK<\/b><\/p>\n<pre style=\"margin: 0px 0px 18px; color: #2e3137; font-family: Arial, 'Helvetica Neue', Helvetica, sans-serif; font-size: 14px; font-style: normal; font-variant-ligatures: normal; font-variant-caps: normal; font-weight: 400; letter-spacing: normal; orphans: 2; text-align: start; text-indent: 0px; text-transform: none; white-space: normal; widows: 2; word-spacing: 0px; -webkit-text-stroke-width: 0px; background-color: #ffffff; text-decoration-style: initial; text-decoration-color: initial;\"><span style=\"margin: 0px; font-family: 'Cambria',serif; font-size: 12pt;\"><span style=\"color: #000000;\"><b><i>p<\/i><\/b><\/span><b><i>rofesso<\/i><\/b><\/span><i><span style=\"background: white; margin: 0px; color: #111111; font-family: 'Cambria',serif; font-size: 12pt;\">r<\/span><\/i><span style=\"background: white; margin: 0px; color: #111111; font-family: 'Cambria',serif; font-size: 12pt;\"> <b><i>Hans Westlund<\/i>,<\/b> Urban och regional utveckling vid KTH och Internationella handelsh\u00f6gskolan i J\u00f6nk\u00f6ping\u00a0som talar p\u00e5 temat\u00a0<strong><i><span style=\"margin: 0px; font-family: 'Cambria',serif;\">\"En post-urban v\u00e4rld och nya perspektiv p\u00e5 urban utveckling\"<\/span><\/i><\/strong><em><span style=\"margin: 0px; font-family: 'Cambria',serif;\">\u00a0<\/span><\/em><\/span><\/pre>\n<p><strong><i><span style=\"margin: 0px; color: #2e3137; font-family: 'Cambria',serif; font-size: 12pt;\">Tid och plats<\/span><\/i><\/strong><\/p>\n<p><strong><span style=\"margin: 0px; color: #2e3137; font-family: 'Cambria',serif; font-size: 12pt;\">N\u00e4r:<\/span><\/strong><span style=\"margin: 0px; color: #2e3137; font-family: 'Cambria',serif; font-size: 12pt;\"> onsdag <\/span><span style=\"margin: 0px; font-family: 'Cambria',serif; font-size: 12pt;\"><span style=\"color: #000000;\">21 november <\/span>2018, kl.11-13<br \/>\n<strong><span style=\"margin: 0px; font-family: 'Cambria',serif;\">Var:<\/span><\/strong> Sal UB 425, biblioteksbyggnaden plan 4, \u00a0S\u00f6dert\u00f6rns h\u00f6gskola, Campus Flemingsberg<\/span><\/p>\n<p><span style=\"margin: 0px; color: #2e3137; font-family: 'Cambria',serif; font-size: 12pt;\">\u00a0<\/span><span style=\"margin: 0px; color: #2e3137; font-family: 'Cambria',serif; font-size: 12pt;\">Vid seminariet bjuds p\u00e5 lunchsm\u00f6rg\u00e5s och dryck. <b><i>Anm\u00e4l <\/i><\/b>d\u00e4rf\u00f6r g\u00e4rna ditt deltagande och ev. kostpreferenser <b>senast\u00a0<\/b>onsdag<b> <\/b>den <b>14\/11 2018<\/b>. <strong><span style=\"margin: 0px; font-family: 'Cambria',serif;\">Anm\u00e4lan <\/span><\/strong><strong><span style=\"margin: 0px; font-family: 'Cambria',serif; font-weight: normal;\">g\u00f6rs<\/span><\/strong> <strong><span style=\"margin: 0px; font-family: 'Cambria',serif; font-weight: normal;\">till<\/span><\/strong><strong><span style=\"margin: 0px; font-family: 'Cambria',serif;\">: <\/span><\/strong><\/span><span style=\"margin: 0px; color: black; font-family: 'Cambria',serif; font-size: 12pt;\"><a target=\"_blank\"><strong><span style=\"margin: 0px; color: windowtext; font-family: 'Cambria',serif; text-decoration: none;\">reinvent@sh.se<\/span><\/strong><\/a><\/span><\/p>\n<p><strong><i><span style=\"margin: 0px; color: #2e3137; font-family: 'Cambria',serif;\"><span style=\"font-size: medium;\">\u00a0<\/span><\/span><\/i><\/strong><\/p>\n","protected":false},"excerpt":{"rendered":"<p>Reinvent\u00a0vid\u00a0institutionen f\u00f6r samh\u00e4llsvetenskaper, S\u00f6dert\u00f6rns h\u00f6gskola bjuder in till lunchseminarium i samarrangemang med h\u00f6gre seminariet i FEK professor Hans Westlund, Urban och regional utveckling vid KTH och Internationella handelsh\u00f6gskolan i J\u00f6nk\u00f6ping\u00a0som talar p\u00e5 temat\u00a0&#8221;En post-urban v\u00e4rld och nya perspektiv p\u00e5 urban utveckling&#8221;\u00a0 Tid och plats N\u00e4r: onsdag 21 november 2018, kl.11-13 Var: Sal UB 425, biblioteksbyggnaden [&hellip;]<\/p>\n","protected":false},"author":2,"featured_media":0,"comment_status":"closed","ping_status":"open","sticky":false,"template":"","format":"standard","meta":[],"categories":[4,6],"tags":[],"_links":{"self":[{"href":"https:\/\/blogg.sh.se\/reinvent\/wp-json\/wp\/v2\/posts\/522"}],"collection":[{"href":"https:\/\/blogg.sh.se\/reinvent\/wp-json\/wp\/v2\/posts"}],"about":[{"href":"https:\/\/blogg.sh.se\/reinvent\/wp-json\/wp\/v2\/types\/post"}],"author":[{"embeddable":true,"href":"https:\/\/blogg.sh.se\/reinvent\/wp-json\/wp\/v2\/users\/2"}],"replies":[{"embeddable":true,"href":"https:\/\/blogg.sh.se\/reinvent\/wp-json\/wp\/v2\/comments?post=522"}],"version-history":[{"count":5,"href":"https:\/\/blogg.sh.se\/reinvent\/wp-json\/wp\/v2\/posts\/522\/revisions"}],"predecessor-version":[{"id":527,"href":"https:\/\/blogg.sh.se\/reinvent\/wp-json\/wp\/v2\/posts\/522\/revisions\/527"}],"wp:attachment":[{"href":"https:\/\/blogg.sh.se\/reinvent\/wp-json\/wp\/v2\/media?parent=522"}],"wp:term":[{"taxonomy":"category","embeddable":true,"href":"https:\/\/blogg.sh.se\/reinvent\/wp-json\/wp\/v2\/categories?post=522"},{"taxonomy":"post_tag","embeddable":true,"href":"https:\/\/blogg.sh.se\/reinvent\/wp-json\/wp\/v2\/tags?post=522"}],"curies":[{"name":"wp","href":"https:\/\/api.w.org\/{rel}","templated":true}]}}