{"id":516,"date":"2018-10-19T07:53:00","date_gmt":"2018-10-19T05:53:00","guid":{"rendered":"http:\/\/blogg.sh.se\/reinvent\/?p=516"},"modified":"2018-10-19T07:53:00","modified_gmt":"2018-10-19T05:53:00","slug":"lunchseminarium-24-10-2018-kampen-om-makten-over-hyresratten-harskartekniker-och-motstand","status":"publish","type":"post","link":"https:\/\/blogg.sh.se\/reinvent\/nyhet\/lunchseminarium-24-10-2018-kampen-om-makten-over-hyresratten-harskartekniker-och-motstand\/","title":{"rendered":"Lunchseminarium 24\/10 2018: Kampen om makten \u00f6ver hyresr\u00e4tten: h\u00e4rskartekniker och motst\u00e5nd"},"content":{"rendered":"<p><b><span style=\"margin: 0px; line-height: 130%; font-family: 'Cambria',serif; font-size: 12pt;\"><span style=\"color: #000000;\">Reinvent<\/span><\/span><\/b><b> <\/b><b><span style=\"margin: 0px; line-height: 130%; font-family: 'Cambria',serif; font-size: 12pt;\"><span style=\"color: #000000;\">vid <\/span><\/span><\/b><b><span style=\"margin: 0px; color: windowtext; line-height: 130%; font-family: 'Cambria',serif; font-size: 12pt;\">i<\/span><\/b><b><span style=\"margin: 0px; line-height: 130%; font-family: 'Cambria',serif; font-size: 12pt;\"><span style=\"color: #000000;\">nstitutionen f\u00f6r samh\u00e4llsvetenskaper, S\u00f6dert\u00f6rns h\u00f6gskola<\/span><\/span><\/b><b><span style=\"margin: 0px; color: windowtext; line-height: 130%; font-family: 'Cambria',serif; font-size: 12pt;\"> bjuder in till lunchseminarium <\/span><\/b><\/p>\n<p><span style=\"background: white; margin: 0px; color: #111111; line-height: 130%; font-family: 'Cambria',serif; font-size: 12pt;\">Reinvents medarbetare FD Dominika Polanska och FK Sarah Degerhammar presenterar sin studie <strong><i><span style=\"margin: 0px; font-family: 'Cambria',serif;\">&#8221;Kampen om makten \u00f6ver hyresr\u00e4tten: h\u00e4rskartekniker och motst\u00e5nd&#8221;<\/span><\/i><\/strong>\u00a0. FD Jonas Lindstr\u00f6m kommenterar.<\/span><\/p>\n<p><strong><i><span style=\"margin: 0px; color: #2e3137; line-height: 130%; font-family: 'Cambria',serif; font-size: 12pt;\">Tid och plats<\/span><\/i><\/strong><span style=\"margin: 0px; color: #2e3137; line-height: 130%; font-family: 'Cambria',serif; font-size: 12pt;\"><br \/>\n<strong><span style=\"margin: 0px; font-family: 'Cambria',serif;\">N\u00e4r:<\/span><\/strong> onsdag <\/span><span style=\"margin: 0px; color: windowtext; line-height: 130%; font-family: 'Cambria',serif; font-size: 12pt;\">24 oktober <\/span><span style=\"margin: 0px; color: #2e3137; line-height: 130%; font-family: 'Cambria',serif; font-size: 12pt;\">2018, kl.11-13<br \/>\n<strong><span style=\"margin: 0px; font-family: 'Cambria',serif;\">Var:<\/span><\/strong> Sal ME 358, flygel E, plan 3, S\u00f6dert\u00f6rns h\u00f6gskola, Campus Flemingsberg<\/span><\/p>\n<p><span style=\"margin: 0px; color: #2e3137; line-height: 130%; font-family: 'Cambria',serif; font-size: 12pt;\">Vid seminariet bjuds p\u00e5 lunchsm\u00f6rg\u00e5s och dryck. Anm\u00e4l d\u00e4rf\u00f6r g\u00e4rna ditt deltagande och ev. kostpreferenser <b>senast <\/b>torsdag<b> <\/b>den <b>18\/10 2018<\/b>. <strong><span style=\"margin: 0px; font-family: 'Cambria',serif;\">Anm\u00e4lan <\/span><\/strong><strong><span style=\"margin: 0px; font-family: 'Cambria',serif; font-weight: normal;\">g\u00f6rs<\/span><\/strong> <strong><span style=\"margin: 0px; font-family: 'Cambria',serif; font-weight: normal;\">till<\/span><\/strong><strong><span style=\"margin: 0px; font-family: 'Cambria',serif;\">: <\/span><\/strong><\/span><span style=\"margin: 0px; line-height: 130%; font-family: 'Cambria',serif; font-size: 12pt;\"><a target=\"_blank\"><strong><span style=\"margin: 0px; color: windowtext; font-family: 'Cambria',serif; text-decoration: none;\">reinvent@sh.se<\/span><\/strong><\/a><\/span><\/p>\n","protected":false},"excerpt":{"rendered":"<p>Reinvent vid institutionen f\u00f6r samh\u00e4llsvetenskaper, S\u00f6dert\u00f6rns h\u00f6gskola bjuder in till lunchseminarium Reinvents medarbetare FD Dominika Polanska och FK Sarah Degerhammar presenterar sin studie &#8221;Kampen om makten \u00f6ver hyresr\u00e4tten: h\u00e4rskartekniker och motst\u00e5nd&#8221;\u00a0. FD Jonas Lindstr\u00f6m kommenterar. Tid och plats N\u00e4r: onsdag 24 oktober 2018, kl.11-13 Var: Sal ME 358, flygel E, plan 3, S\u00f6dert\u00f6rns h\u00f6gskola, Campus [&hellip;]<\/p>\n","protected":false},"author":2,"featured_media":0,"comment_status":"closed","ping_status":"open","sticky":false,"template":"","format":"standard","meta":[],"categories":[4,6],"tags":[],"_links":{"self":[{"href":"https:\/\/blogg.sh.se\/reinvent\/wp-json\/wp\/v2\/posts\/516"}],"collection":[{"href":"https:\/\/blogg.sh.se\/reinvent\/wp-json\/wp\/v2\/posts"}],"about":[{"href":"https:\/\/blogg.sh.se\/reinvent\/wp-json\/wp\/v2\/types\/post"}],"author":[{"embeddable":true,"href":"https:\/\/blogg.sh.se\/reinvent\/wp-json\/wp\/v2\/users\/2"}],"replies":[{"embeddable":true,"href":"https:\/\/blogg.sh.se\/reinvent\/wp-json\/wp\/v2\/comments?post=516"}],"version-history":[{"count":2,"href":"https:\/\/blogg.sh.se\/reinvent\/wp-json\/wp\/v2\/posts\/516\/revisions"}],"predecessor-version":[{"id":518,"href":"https:\/\/blogg.sh.se\/reinvent\/wp-json\/wp\/v2\/posts\/516\/revisions\/518"}],"wp:attachment":[{"href":"https:\/\/blogg.sh.se\/reinvent\/wp-json\/wp\/v2\/media?parent=516"}],"wp:term":[{"taxonomy":"category","embeddable":true,"href":"https:\/\/blogg.sh.se\/reinvent\/wp-json\/wp\/v2\/categories?post=516"},{"taxonomy":"post_tag","embeddable":true,"href":"https:\/\/blogg.sh.se\/reinvent\/wp-json\/wp\/v2\/tags?post=516"}],"curies":[{"name":"wp","href":"https:\/\/api.w.org\/{rel}","templated":true}]}}