{"id":506,"date":"2018-08-28T13:24:02","date_gmt":"2018-08-28T11:24:02","guid":{"rendered":"http:\/\/blogg.sh.se\/reinvent\/?p=506"},"modified":"2018-08-28T13:26:18","modified_gmt":"2018-08-28T11:26:18","slug":"hostens-forsta-lunchseminarium-ager-rum-onsdag-26-9-2018-kl-11-13-flemingsberg-den-ohallbara-halsovagen-nar-goda-intentioner-inte-blir-som-man-tankt-sig","status":"publish","type":"post","link":"https:\/\/blogg.sh.se\/reinvent\/nyhet\/hostens-forsta-lunchseminarium-ager-rum-onsdag-26-9-2018-kl-11-13-flemingsberg-den-ohallbara-halsovagen-nar-goda-intentioner-inte-blir-som-man-tankt-sig\/","title":{"rendered":"H\u00f6stens f\u00f6rsta lunchseminarium \u00e4ger rum onsdag 26\/9 2018, kl. 11-13: Flemingsberg &#8211; Den oh\u00e5l(l)bara H\u00e4lsov\u00e4gen. N\u00e4r goda intentioner inte blir som man t\u00e4nkt sig.&#8221;\u00a0"},"content":{"rendered":"<p><strong>Reinvent\u00a0vid\u00a0institutionen f\u00f6r samh\u00e4llsvetenskaper, S\u00f6dert\u00f6rns h\u00f6gskola arrangerar lunchseminarium<\/strong><\/p>\n<p>Apostolis Papakostas,\u00a0professor i sociologi och\u00a0forskningsledare f\u00f6r Reinvent,\u00a0presenterar sitt arbete &#8221;<em>Flemingsberg:<\/em><em>\u00a0<\/em><em>Den oh\u00e5l(l)bara H\u00e4lsov\u00e4gen.<\/em> <em>N\u00e4r goda intentioner inte blir som man t\u00e4nkt sig.&#8221;\u00a0<\/em><\/p>\n<p><strong><em>Tid och plats<\/em><\/strong><br \/>\n<strong>N\u00e4r:<\/strong>\u00a0onsdag\u00a026\u00a0september\u00a02018, kl.11-13 (ca)<br \/>\n<strong>Var:<\/strong>\u00a0Sal\u00a0UB 425,\u00a0biblioteksbyggnaden\u00a0plan\u00a04, S\u00f6dert\u00f6rns h\u00f6gskola, Campus Flemingsberg<\/p>\n<p>Vid seminariet bjuds p\u00e5 lunchsm\u00f6rg\u00e5s och dryck. Anm\u00e4l d\u00e4rf\u00f6r g\u00e4rna ditt deltagande och ev. kostpreferenser. <strong>Anm\u00e4lan\u00a0g\u00f6rs<\/strong>\u00a0<strong>till:\u00a0reinvent@sh.se,\u00a0senast\u00a0onsdag\u00a019\/9 2018!<\/strong><\/p>\n<p><strong>Varmt v\u00e4lkommen!<\/strong><\/p>\n<p>&nbsp;<\/p>\n","protected":false},"excerpt":{"rendered":"<p>Reinvent\u00a0vid\u00a0institutionen f\u00f6r samh\u00e4llsvetenskaper, S\u00f6dert\u00f6rns h\u00f6gskola arrangerar lunchseminarium Apostolis Papakostas,\u00a0professor i sociologi och\u00a0forskningsledare f\u00f6r Reinvent,\u00a0presenterar sitt arbete &#8221;Flemingsberg:\u00a0Den oh\u00e5l(l)bara H\u00e4lsov\u00e4gen. N\u00e4r goda intentioner inte blir som man t\u00e4nkt sig.&#8221;\u00a0 Tid och plats N\u00e4r:\u00a0onsdag\u00a026\u00a0september\u00a02018, kl.11-13 (ca) Var:\u00a0Sal\u00a0UB 425,\u00a0biblioteksbyggnaden\u00a0plan\u00a04, S\u00f6dert\u00f6rns h\u00f6gskola, Campus Flemingsberg Vid seminariet bjuds p\u00e5 lunchsm\u00f6rg\u00e5s och dryck. Anm\u00e4l d\u00e4rf\u00f6r g\u00e4rna ditt deltagande och ev. kostpreferenser. [&hellip;]<\/p>\n","protected":false},"author":2,"featured_media":0,"comment_status":"closed","ping_status":"open","sticky":false,"template":"","format":"standard","meta":[],"categories":[4,6],"tags":[],"_links":{"self":[{"href":"https:\/\/blogg.sh.se\/reinvent\/wp-json\/wp\/v2\/posts\/506"}],"collection":[{"href":"https:\/\/blogg.sh.se\/reinvent\/wp-json\/wp\/v2\/posts"}],"about":[{"href":"https:\/\/blogg.sh.se\/reinvent\/wp-json\/wp\/v2\/types\/post"}],"author":[{"embeddable":true,"href":"https:\/\/blogg.sh.se\/reinvent\/wp-json\/wp\/v2\/users\/2"}],"replies":[{"embeddable":true,"href":"https:\/\/blogg.sh.se\/reinvent\/wp-json\/wp\/v2\/comments?post=506"}],"version-history":[{"count":8,"href":"https:\/\/blogg.sh.se\/reinvent\/wp-json\/wp\/v2\/posts\/506\/revisions"}],"predecessor-version":[{"id":514,"href":"https:\/\/blogg.sh.se\/reinvent\/wp-json\/wp\/v2\/posts\/506\/revisions\/514"}],"wp:attachment":[{"href":"https:\/\/blogg.sh.se\/reinvent\/wp-json\/wp\/v2\/media?parent=506"}],"wp:term":[{"taxonomy":"category","embeddable":true,"href":"https:\/\/blogg.sh.se\/reinvent\/wp-json\/wp\/v2\/categories?post=506"},{"taxonomy":"post_tag","embeddable":true,"href":"https:\/\/blogg.sh.se\/reinvent\/wp-json\/wp\/v2\/tags?post=506"}],"curies":[{"name":"wp","href":"https:\/\/api.w.org\/{rel}","templated":true}]}}