{"id":500,"date":"2018-05-28T07:37:43","date_gmt":"2018-05-28T05:37:43","guid":{"rendered":"http:\/\/blogg.sh.se\/reinvent\/?p=500"},"modified":"2018-11-08T13:02:11","modified_gmt":"2018-11-08T12:02:11","slug":"reinvent-vid-sodertorns-hogskola-arrangerar-i-samarbete-med-tidskriften-arkiv-mingel-paneldiskussioner-pa-temat-platskamp","status":"publish","type":"post","link":"https:\/\/blogg.sh.se\/reinvent\/nyhet\/reinvent-vid-sodertorns-hogskola-arrangerar-i-samarbete-med-tidskriften-arkiv-mingel-paneldiskussioner-pa-temat-platskamp\/","title":{"rendered":"Reinvent vid S\u00f6dert\u00f6rns h\u00f6gskola arrangerar, i samarbete med tidskriften ARKIV, mingel &#038; paneldiskussioner p\u00e5 temat PLATSKAMP!"},"content":{"rendered":"<div class=\"brief-info\">\n<h2>Platskamp! Nytt temanummer av ARKIV sl\u00e4pps p\u00e5 S\u00f6dert\u00f6rns h\u00f6gskola 31\/5 2018, kl 13-15 i Studentk\u00e5rens PUB<\/h2>\n<p>Forskningscentret Reinvent vid S\u00f6dert\u00f6rns h\u00f6gskola arrangerar, i samarbete med tidskriften ARKIV, mingel &amp; paneldiskussioner p\u00e5 temat PLATSKAMP!<\/p>\n<\/div>\n<div class=\"more-info-n-c\">\n<div class=\"description\">\n<p>I samband med\u00a0tidskriften ARKIV:s\u00a0release av sitt nya\u00a0nummer (nr 9) p\u00e5 temat PLATSKAMP arrangeras,\u00a0i\u00a0samarbete med\u00a0forskningscentret Reinvent,\u00a0paneldiskussioner om hur kampen om f\u00f6rorten f\u00f6rs i v\u00e5r samtid.<\/p>\n<p>I\u00a0panelen deltar:<\/p>\n<p>Karen Austin, Delegationen mot segregation,<\/p>\n<p>Nabila Abdul Fattah , socialpedagog och aktivist,<\/p>\n<p>Marcel Moritz, Huddinge kommun,<\/p>\n<p>Jocke Kellokumpu, Folkets Hus och Parker<\/p>\n<p>Atusa Rezai , organisat\u00f6r i J\u00e4rva<\/p>\n<p>Moderator: America Vera-Zavala<\/p>\n<\/div>\n<p><strong>Var:<\/strong> Studentk\u00e5ren, S\u00f6derS PUB, Alfred Nobels all\u00e9 9, Campus Flemingberg<\/p>\n<p><strong>N\u00e4r:<\/strong> 31 maj 2018, kl. 13-15<\/p>\n<div class=\"description\">\n<p><em><strong>Varmt v\u00e4lkomna!<\/strong><\/em><\/p>\n<\/div>\n<\/div>\n","protected":false},"excerpt":{"rendered":"<p>Platskamp! Nytt temanummer av ARKIV sl\u00e4pps p\u00e5 S\u00f6dert\u00f6rns h\u00f6gskola 31\/5 2018, kl 13-15 i Studentk\u00e5rens PUB Forskningscentret Reinvent vid S\u00f6dert\u00f6rns h\u00f6gskola arrangerar, i samarbete med tidskriften ARKIV, mingel &amp; paneldiskussioner p\u00e5 temat PLATSKAMP! I samband med\u00a0tidskriften ARKIV:s\u00a0release av sitt nya\u00a0nummer (nr 9) p\u00e5 temat PLATSKAMP arrangeras,\u00a0i\u00a0samarbete med\u00a0forskningscentret Reinvent,\u00a0paneldiskussioner om hur kampen om f\u00f6rorten f\u00f6rs i [&hellip;]<\/p>\n","protected":false},"author":2,"featured_media":0,"comment_status":"closed","ping_status":"open","sticky":false,"template":"","format":"standard","meta":[],"categories":[4],"tags":[],"_links":{"self":[{"href":"https:\/\/blogg.sh.se\/reinvent\/wp-json\/wp\/v2\/posts\/500"}],"collection":[{"href":"https:\/\/blogg.sh.se\/reinvent\/wp-json\/wp\/v2\/posts"}],"about":[{"href":"https:\/\/blogg.sh.se\/reinvent\/wp-json\/wp\/v2\/types\/post"}],"author":[{"embeddable":true,"href":"https:\/\/blogg.sh.se\/reinvent\/wp-json\/wp\/v2\/users\/2"}],"replies":[{"embeddable":true,"href":"https:\/\/blogg.sh.se\/reinvent\/wp-json\/wp\/v2\/comments?post=500"}],"version-history":[{"count":4,"href":"https:\/\/blogg.sh.se\/reinvent\/wp-json\/wp\/v2\/posts\/500\/revisions"}],"predecessor-version":[{"id":504,"href":"https:\/\/blogg.sh.se\/reinvent\/wp-json\/wp\/v2\/posts\/500\/revisions\/504"}],"wp:attachment":[{"href":"https:\/\/blogg.sh.se\/reinvent\/wp-json\/wp\/v2\/media?parent=500"}],"wp:term":[{"taxonomy":"category","embeddable":true,"href":"https:\/\/blogg.sh.se\/reinvent\/wp-json\/wp\/v2\/categories?post=500"},{"taxonomy":"post_tag","embeddable":true,"href":"https:\/\/blogg.sh.se\/reinvent\/wp-json\/wp\/v2\/tags?post=500"}],"curies":[{"name":"wp","href":"https:\/\/api.w.org\/{rel}","templated":true}]}}