{"id":492,"date":"2018-04-11T08:38:11","date_gmt":"2018-04-11T06:38:11","guid":{"rendered":"http:\/\/blogg.sh.se\/reinvent\/?p=492"},"modified":"2018-04-11T08:38:11","modified_gmt":"2018-04-11T06:38:11","slug":"kommande-lunchseminarium-wsp-sveriges-arbete-med-social-hallbarhet","status":"publish","type":"post","link":"https:\/\/blogg.sh.se\/reinvent\/nyhet\/kommande-lunchseminarium-wsp-sveriges-arbete-med-social-hallbarhet\/","title":{"rendered":"Kommande lunchseminarium: WSP Sveriges arbete med social h\u00e5llbarhet"},"content":{"rendered":"<p style=\"margin: 0px 0px 18px; color: #2e3137; font-family: Arial, 'Helvetica Neue', Helvetica, sans-serif; font-size: 14px; font-style: normal; font-variant-ligatures: normal; font-variant-caps: normal; font-weight: 400; letter-spacing: normal; orphans: 2; text-align: start; text-indent: 0px; text-transform: none; white-space: normal; widows: 2; word-spacing: 0px; -webkit-text-stroke-width: 0px; text-decoration-style: initial; text-decoration-color: initial; background-color: #ffffff;\"><b>\u00d6ppet lunchseminarium arrangeras av\u00a0Reinvent vid Institutionen f\u00f6r samh\u00e4llsvetenskaper, S\u00f6dert\u00f6rns h\u00f6gskola, onsdagen den 25 april 2018, kl 11-13<\/b><\/p>\n<div class=\"entry-content\" style=\"margin: 0px 15px 36px 0px; color: #2e3137; font-family: Arial, 'Helvetica Neue', Helvetica, sans-serif; font-size: 14px; font-style: normal; font-variant-ligatures: normal; font-variant-caps: normal; font-weight: 400; letter-spacing: normal; orphans: 2; text-align: start; text-indent: 0px; text-transform: none; white-space: normal; widows: 2; word-spacing: 0px; -webkit-text-stroke-width: 0px; text-decoration-style: initial; text-decoration-color: initial; background-color: #ffffff;\">\n<p>Alazar Ejigu och Andrea Utas redog\u00f6r f\u00f6r WSP Sveriges arbete med social h\u00e5llbarbarhet.<\/p>\n<p><strong><i>Tid och plats<\/i><\/strong><br \/>\n<strong>N\u00e4r:<\/strong>\u00a0onsdag\u00a025 april\u00a02018,\u00a0kl.11-13<br \/>\n<strong>Var:<\/strong>\u00a0sal MC\u00a0347 i C-flygeln, plan 3 i Moas b\u00e5ge, S\u00f6dert\u00f6rns h\u00f6gskola<\/p>\n<p>Vid seminariet bjuds p\u00e5 lunchsm\u00f6rg\u00e5s och dryck. Anm\u00e4l d\u00e4rf\u00f6r ditt deltagande och ev. kostpreferenser senast den\u00a018\/4 2018.<\/p>\n<p><strong>Anm\u00e4lan\u00a0<\/strong><strong>g\u00f6rs till:\u00a0<\/strong><b><a target=\"_blank\"><strong>reinvent@sh.se<\/strong><\/a><\/b><strong>,\u00a0senast onsdag\u00a018\/4 2018!<\/strong><\/p>\n<p><strong>Varmt v\u00e4lkommen!<\/strong><\/p>\n<\/div>\n","protected":false},"excerpt":{"rendered":"<p>\u00d6ppet lunchseminarium arrangeras av\u00a0Reinvent vid Institutionen f\u00f6r samh\u00e4llsvetenskaper, S\u00f6dert\u00f6rns h\u00f6gskola, onsdagen den 25 april 2018, kl 11-13 Alazar Ejigu och Andrea Utas redog\u00f6r f\u00f6r WSP Sveriges arbete med social h\u00e5llbarbarhet. Tid och plats N\u00e4r:\u00a0onsdag\u00a025 april\u00a02018,\u00a0kl.11-13 Var:\u00a0sal MC\u00a0347 i C-flygeln, plan 3 i Moas b\u00e5ge, S\u00f6dert\u00f6rns h\u00f6gskola Vid seminariet bjuds p\u00e5 lunchsm\u00f6rg\u00e5s och dryck. Anm\u00e4l d\u00e4rf\u00f6r [&hellip;]<\/p>\n","protected":false},"author":2,"featured_media":0,"comment_status":"closed","ping_status":"open","sticky":false,"template":"","format":"standard","meta":[],"categories":[4,6],"tags":[],"_links":{"self":[{"href":"https:\/\/blogg.sh.se\/reinvent\/wp-json\/wp\/v2\/posts\/492"}],"collection":[{"href":"https:\/\/blogg.sh.se\/reinvent\/wp-json\/wp\/v2\/posts"}],"about":[{"href":"https:\/\/blogg.sh.se\/reinvent\/wp-json\/wp\/v2\/types\/post"}],"author":[{"embeddable":true,"href":"https:\/\/blogg.sh.se\/reinvent\/wp-json\/wp\/v2\/users\/2"}],"replies":[{"embeddable":true,"href":"https:\/\/blogg.sh.se\/reinvent\/wp-json\/wp\/v2\/comments?post=492"}],"version-history":[{"count":3,"href":"https:\/\/blogg.sh.se\/reinvent\/wp-json\/wp\/v2\/posts\/492\/revisions"}],"predecessor-version":[{"id":495,"href":"https:\/\/blogg.sh.se\/reinvent\/wp-json\/wp\/v2\/posts\/492\/revisions\/495"}],"wp:attachment":[{"href":"https:\/\/blogg.sh.se\/reinvent\/wp-json\/wp\/v2\/media?parent=492"}],"wp:term":[{"taxonomy":"category","embeddable":true,"href":"https:\/\/blogg.sh.se\/reinvent\/wp-json\/wp\/v2\/categories?post=492"},{"taxonomy":"post_tag","embeddable":true,"href":"https:\/\/blogg.sh.se\/reinvent\/wp-json\/wp\/v2\/tags?post=492"}],"curies":[{"name":"wp","href":"https:\/\/api.w.org\/{rel}","templated":true}]}}