{"id":481,"date":"2018-02-13T14:00:26","date_gmt":"2018-02-13T13:00:26","guid":{"rendered":"http:\/\/blogg.sh.se\/reinvent\/?p=481"},"modified":"2018-02-13T14:00:26","modified_gmt":"2018-02-13T13:00:26","slug":"oppet-seminarium-integration-och-grannskap-hur-kan-staden-halla-samman-med-susanne-urban-och-sandra-karlsson-7-mars-2018-kl-11-13","status":"publish","type":"post","link":"https:\/\/blogg.sh.se\/reinvent\/nyhet\/oppet-seminarium-integration-och-grannskap-hur-kan-staden-halla-samman-med-susanne-urban-och-sandra-karlsson-7-mars-2018-kl-11-13\/","title":{"rendered":"\u00d6ppet seminarium: Integration och Grannskap. Hur kan staden h\u00e5lla samman? med Susanne Urban och Sandra Karlsson, 7 mars 2018 kl. 11-13"},"content":{"rendered":"<p><b>\u00d6ppet lunchseminarium arrangeras av projektet Reinvent i samarbete med socialt arbete vid Institutionen f\u00f6r samh\u00e4llsvetenskaper, S\u00f6dert\u00f6rns h\u00f6gskola<\/b><\/p>\n<div class=\"entry-content\">\n<p>Susanne Urban,\u00a0<span style=\"margin: 0px; color: black; font-family: 'Calibri',sans-serif; font-size: 11pt;\">docent i sociologi och verksam vid Institutet f\u00f6r bostads- och urbanforskning, Uppsala universitet,<\/span>\u00a0presenterar sin nya bok <span style=\"margin: 0px; font-family: 'Calibri',sans-serif; font-size: 11pt;\"><span style=\"color: #000000;\">&#8221;<\/span>Integration och Grannskap. Hur kan staden h\u00e5lla samman?<\/span><span style=\"margin: 0px; font-family: 'Calibri',sans-serif; font-size: 11.5pt;\"><span style=\"color: #000000;\">\u201d<\/span><\/span><\/p>\n<p>Kommentator: Sandra Karlsson, FD och lektor i socialt arbete, S\u00f6dert\u00f6rns h\u00f6gskola<\/p>\n<p><strong><i>Tid och plats<\/i><\/strong><br \/>\n<strong>N\u00e4r:<\/strong> onsdag\u00a07 mars\u00a02018,\u00a0kl.11-13<br \/>\n<strong>Var:<\/strong> Sal UB 425, Biblioteksbyggnaden, S\u00f6dert\u00f6rns h\u00f6gskola, Campus Flemingsberg<\/p>\n<p>Vid seminariet bjuds p\u00e5 lunchsm\u00f6rg\u00e5s och dryck. Anm\u00e4l d\u00e4rf\u00f6r ditt deltagande och ev. kostpreferenser senast den\u00a028\/2 2018.<\/p>\n<p><strong>Anm\u00e4lan <\/strong><strong>g\u00f6rs till: <\/strong><b><a target=\"_blank\"><strong>reinvent@sh.se<\/strong><\/a><\/b><strong>\u00a0senast onsdag 28\/8 2018!<\/strong><\/p>\n<p><strong>Varmt v\u00e4lkomna!<\/strong><\/p>\n<\/div>\n","protected":false},"excerpt":{"rendered":"<p>\u00d6ppet lunchseminarium arrangeras av projektet Reinvent i samarbete med socialt arbete vid Institutionen f\u00f6r samh\u00e4llsvetenskaper, S\u00f6dert\u00f6rns h\u00f6gskola Susanne Urban,\u00a0docent i sociologi och verksam vid Institutet f\u00f6r bostads- och urbanforskning, Uppsala universitet,\u00a0presenterar sin nya bok &#8221;Integration och Grannskap. Hur kan staden h\u00e5lla samman?\u201d Kommentator: Sandra Karlsson, FD och lektor i socialt arbete, S\u00f6dert\u00f6rns h\u00f6gskola Tid och [&hellip;]<\/p>\n","protected":false},"author":2,"featured_media":0,"comment_status":"closed","ping_status":"open","sticky":false,"template":"","format":"standard","meta":[],"categories":[4,6],"tags":[],"_links":{"self":[{"href":"https:\/\/blogg.sh.se\/reinvent\/wp-json\/wp\/v2\/posts\/481"}],"collection":[{"href":"https:\/\/blogg.sh.se\/reinvent\/wp-json\/wp\/v2\/posts"}],"about":[{"href":"https:\/\/blogg.sh.se\/reinvent\/wp-json\/wp\/v2\/types\/post"}],"author":[{"embeddable":true,"href":"https:\/\/blogg.sh.se\/reinvent\/wp-json\/wp\/v2\/users\/2"}],"replies":[{"embeddable":true,"href":"https:\/\/blogg.sh.se\/reinvent\/wp-json\/wp\/v2\/comments?post=481"}],"version-history":[{"count":2,"href":"https:\/\/blogg.sh.se\/reinvent\/wp-json\/wp\/v2\/posts\/481\/revisions"}],"predecessor-version":[{"id":483,"href":"https:\/\/blogg.sh.se\/reinvent\/wp-json\/wp\/v2\/posts\/481\/revisions\/483"}],"wp:attachment":[{"href":"https:\/\/blogg.sh.se\/reinvent\/wp-json\/wp\/v2\/media?parent=481"}],"wp:term":[{"taxonomy":"category","embeddable":true,"href":"https:\/\/blogg.sh.se\/reinvent\/wp-json\/wp\/v2\/categories?post=481"},{"taxonomy":"post_tag","embeddable":true,"href":"https:\/\/blogg.sh.se\/reinvent\/wp-json\/wp\/v2\/tags?post=481"}],"curies":[{"name":"wp","href":"https:\/\/api.w.org\/{rel}","templated":true}]}}