{"id":468,"date":"2018-01-16T19:11:02","date_gmt":"2018-01-16T18:11:02","guid":{"rendered":"http:\/\/blogg.sh.se\/reinvent\/?p=468"},"modified":"2018-01-19T12:38:39","modified_gmt":"2018-01-19T11:38:39","slug":"nytt-oppet-seminarium-den-inkluderande-staden-med-stefan-folster-onsdag-311-2018-kl-11-13","status":"publish","type":"post","link":"https:\/\/blogg.sh.se\/reinvent\/seminarium\/nytt-oppet-seminarium-den-inkluderande-staden-med-stefan-folster-onsdag-311-2018-kl-11-13\/","title":{"rendered":"Nytt \u00f6ppet seminarium: &#8221;Den inkluderande staden&#8221; med Stefan F\u00f6lster, onsdag 31\/1 2018, kl. 11-13"},"content":{"rendered":"<p><b><span style=\"margin: 0px; line-height: 130%; font-family: 'Times New Roman',serif; font-size: 12pt;\"><span style=\"color: #000000;\">\u00d6ppet seminarium arrangeras av projektet Reinvent vid Institutionen f\u00f6r samh\u00e4llsvetenskaper, S\u00f6dert\u00f6rns h\u00f6gskola<\/span><\/span><\/b><\/p>\n<p><span style=\"margin: 0px; line-height: 130%; font-family: 'Times New Roman',serif; font-size: 12pt;\"><span style=\"color: #000000;\">Stefan F\u00f6lster<\/span><\/span><span style=\"margin: 0px; color: #2e3137; line-height: 130%; font-family: 'Times New Roman',serif; font-size: 12pt;\">, <\/span><span style=\"margin: 0px; line-height: 130%; font-family: 'Times New Roman',serif; font-size: 12pt;\"><span style=\"color: #000000;\">Reforminstitutet, presenterar sin rapport &#8221;Den inkluderande staden&#8221;. I bifogad l\u00e4nk finns hans rapport:<\/span><\/span><i> <\/i><span style=\"margin: 0px; line-height: 130%; font-family: 'Times New Roman',serif; font-size: 12pt;\"><a href=\"http:\/\/www.inkluderande-staden.se\/\">http:\/\/www.inkluderande-staden.se\/<\/a>.\u00a0<\/span><span style=\"margin: 0px; line-height: 130%; font-family: 'Times New Roman',serif; font-size: 12pt;\"><span style=\"color: #000000;\">\u00a0<\/span><\/span><\/p>\n<p><strong><i><span style=\"margin: 0px; color: #2e3137; line-height: 130%; font-family: 'Calibri',sans-serif; font-size: 12pt;\">Tid och plats<\/span><\/i><\/strong><span style=\"margin: 0px; color: #2e3137; line-height: 130%; font-family: 'Times New Roman',serif; font-size: 12pt;\"><br \/>\n<strong>N\u00e4r:<\/strong> onsdag 31 januari 2018,\u00a0 kl.11-13<br \/>\n<strong>Var:<\/strong> Sal M<\/span><span style=\"margin: 0px; line-height: 130%; font-family: 'Times New Roman',serif; font-size: 12pt;\"><span style=\"color: #000000;\">C 235<\/span><\/span><span style=\"margin: 0px; color: #2e3137; line-height: 130%; font-family: 'Times New Roman',serif; font-size: 12pt;\">, p\u00e5 plan 2 i C-flygeln, Moas b\u00e5ge, S\u00f6dert\u00f6rns h\u00f6gskola, Campus Flemingsberg<\/span><\/p>\n<p><span style=\"margin: 0px; color: #2e3137; line-height: 130%; font-family: 'Times New Roman',serif; font-size: 12pt;\">Vid seminariet bjuds p\u00e5 lunchsm\u00f6rg\u00e5s och dryck. Anm\u00e4l d\u00e4rf\u00f6r ditt deltagande och ev. kostpreferenser senast den 24\/1 2018.<\/span><\/p>\n<p><strong><span style=\"margin: 0px; color: #2e3137; line-height: 130%; font-family: 'Calibri',sans-serif; font-size: 12pt;\">Anm\u00e4lan <\/span><\/strong><strong><span style=\"margin: 0px; color: #2e3137; line-height: 130%; font-family: 'Calibri',sans-serif; font-size: 12pt; font-weight: normal;\">g\u00f6rs till: <\/span><\/strong><b><span style=\"margin: 0px; color: windowtext; line-height: 130%; font-family: 'Times New Roman',serif; font-size: 12pt;\"><a target=\"_blank\"><strong>reinvent@sh.se<\/strong><\/a><\/span><\/b><strong><span style=\"margin: 0px; color: windowtext; line-height: 130%; font-family: 'Calibri',sans-serif; font-size: 12pt; font-weight: normal;\">,<\/span><\/strong> <strong><span style=\"margin: 0px; color: #2e3137; line-height: 130%; font-family: 'Calibri',sans-serif; font-size: 12pt;\">senast onsdag 24\/1 2018!<\/span><\/strong><\/p>\n<p><span style=\"font-size: 12pt;\"><strong><span style=\"margin: 0px; color: windowtext; line-height: 130%; font-family: 'Times New Roman',serif;\">Varmt v\u00e4lkomna!<\/span><\/strong><\/span><\/p>\n<p><span style=\"margin: 0px; color: #2e3137; line-height: 130%; font-family: 'Times New Roman',serif; font-size: 12pt;\">\u00a0<\/span><\/p>\n","protected":false},"excerpt":{"rendered":"<p>\u00d6ppet seminarium arrangeras av projektet Reinvent vid Institutionen f\u00f6r samh\u00e4llsvetenskaper, S\u00f6dert\u00f6rns h\u00f6gskola Stefan F\u00f6lster, Reforminstitutet, presenterar sin rapport &#8221;Den inkluderande staden&#8221;. I bifogad l\u00e4nk finns hans rapport: http:\/\/www.inkluderande-staden.se\/.\u00a0\u00a0 Tid och plats N\u00e4r: onsdag 31 januari 2018,\u00a0 kl.11-13 Var: Sal MC 235, p\u00e5 plan 2 i C-flygeln, Moas b\u00e5ge, S\u00f6dert\u00f6rns h\u00f6gskola, Campus Flemingsberg Vid seminariet bjuds [&hellip;]<\/p>\n","protected":false},"author":2,"featured_media":0,"comment_status":"closed","ping_status":"open","sticky":false,"template":"","format":"standard","meta":[],"categories":[6],"tags":[],"_links":{"self":[{"href":"https:\/\/blogg.sh.se\/reinvent\/wp-json\/wp\/v2\/posts\/468"}],"collection":[{"href":"https:\/\/blogg.sh.se\/reinvent\/wp-json\/wp\/v2\/posts"}],"about":[{"href":"https:\/\/blogg.sh.se\/reinvent\/wp-json\/wp\/v2\/types\/post"}],"author":[{"embeddable":true,"href":"https:\/\/blogg.sh.se\/reinvent\/wp-json\/wp\/v2\/users\/2"}],"replies":[{"embeddable":true,"href":"https:\/\/blogg.sh.se\/reinvent\/wp-json\/wp\/v2\/comments?post=468"}],"version-history":[{"count":7,"href":"https:\/\/blogg.sh.se\/reinvent\/wp-json\/wp\/v2\/posts\/468\/revisions"}],"predecessor-version":[{"id":478,"href":"https:\/\/blogg.sh.se\/reinvent\/wp-json\/wp\/v2\/posts\/468\/revisions\/478"}],"wp:attachment":[{"href":"https:\/\/blogg.sh.se\/reinvent\/wp-json\/wp\/v2\/media?parent=468"}],"wp:term":[{"taxonomy":"category","embeddable":true,"href":"https:\/\/blogg.sh.se\/reinvent\/wp-json\/wp\/v2\/categories?post=468"},{"taxonomy":"post_tag","embeddable":true,"href":"https:\/\/blogg.sh.se\/reinvent\/wp-json\/wp\/v2\/tags?post=468"}],"curies":[{"name":"wp","href":"https:\/\/api.w.org\/{rel}","templated":true}]}}