{"id":459,"date":"2017-11-24T11:09:00","date_gmt":"2017-11-24T10:09:00","guid":{"rendered":"http:\/\/blogg.sh.se\/reinvent\/?p=459"},"modified":"2017-11-24T11:16:42","modified_gmt":"2017-11-24T10:16:42","slug":"lokaljournalistik-och-kommunbevakning","status":"publish","type":"post","link":"https:\/\/blogg.sh.se\/reinvent\/seminarium\/lokaljournalistik-och-kommunbevakning\/","title":{"rendered":"Lokaljournalistik och kommunbevakning"},"content":{"rendered":"<h2>Reinvent tipsar om seminarium<\/h2>\n<p>Den 6 december presenterar Institutet f\u00f6r Mediestudier sin \u00e5rsbok 2016\/2017 med nya fakta om journalistikens f\u00f6ruts\u00e4ttningar. Mediestudiers \u00e5rsbok ger varje \u00e5r en bild av tillst\u00e5ndet f\u00f6r den svenska journalistiken.<\/p>\n<p>Ta chansen att lyssna p\u00e5 representanter fr\u00e5n forskning, medier, f\u00f6retag och organisationer, st\u00e4lla fr\u00e5gor och tr\u00e4ffa initierade och intresserade deltagare. Seminariet h\u00e5lls p\u00e5 S\u00f6dert\u00f6rns h\u00f6gskola som bedriver mycket av den svenska forskningen om lokal journalistik.<\/p>\n<p><strong>Plats:<\/strong> S\u00f6dert\u00f6rns h\u00f6gskola, Alfreds Nobels all\u00e9, Moas b\u00e5ge, sal MB505<\/p>\n<p><strong>Tid:<\/strong> onsdag den 6 december kl. 15.00-17.30 (inklusive fikapaus)<\/p>\n<p><strong>Anm\u00e4l dig senast 4 december till <a href=\"mailto:maria@mediestudier.se\" target=\"_blank\" rel=\"noopener\">maria@mediestudier.se <\/a>eller fyll i anm\u00e4lningsformul\u00e4ret via nedanst\u00e5ende l\u00e4nk.<\/strong><\/p>\n<p><a href=\"http:\/\/mediestudier.se\/seminarier\/vem-fyller-de-vita-flackarna\/\" target=\"_blank\" rel=\"noopener\">Klicka h\u00e4r f\u00f6r att l\u00e4sa mer om seminariet p\u00e5 Institutet f\u00f6r Mediestudier<\/a>.<\/p>\n<p>V\u00e4lkommen!<\/p>\n<p>S\u00f6dert\u00f6rns h\u00f6gskola ligger vid Flemingsbergs station, 19 minuter med pendeln fr\u00e5n<br \/>\nCentralen. Passande t\u00e5g g\u00e5r kl 14.16 och 14.31.<\/p>\n","protected":false},"excerpt":{"rendered":"<p>Reinvent tipsar om seminarium Den 6 december presenterar Institutet f\u00f6r Mediestudier sin \u00e5rsbok 2016\/2017 med nya fakta om journalistikens f\u00f6ruts\u00e4ttningar. Mediestudiers \u00e5rsbok ger varje \u00e5r en bild av tillst\u00e5ndet f\u00f6r den svenska journalistiken. Ta chansen att lyssna p\u00e5 representanter fr\u00e5n forskning, medier, f\u00f6retag och organisationer, st\u00e4lla fr\u00e5gor och tr\u00e4ffa initierade och intresserade deltagare. Seminariet h\u00e5lls [&hellip;]<\/p>\n","protected":false},"author":2,"featured_media":0,"comment_status":"closed","ping_status":"open","sticky":false,"template":"","format":"standard","meta":[],"categories":[6],"tags":[],"_links":{"self":[{"href":"https:\/\/blogg.sh.se\/reinvent\/wp-json\/wp\/v2\/posts\/459"}],"collection":[{"href":"https:\/\/blogg.sh.se\/reinvent\/wp-json\/wp\/v2\/posts"}],"about":[{"href":"https:\/\/blogg.sh.se\/reinvent\/wp-json\/wp\/v2\/types\/post"}],"author":[{"embeddable":true,"href":"https:\/\/blogg.sh.se\/reinvent\/wp-json\/wp\/v2\/users\/2"}],"replies":[{"embeddable":true,"href":"https:\/\/blogg.sh.se\/reinvent\/wp-json\/wp\/v2\/comments?post=459"}],"version-history":[{"count":4,"href":"https:\/\/blogg.sh.se\/reinvent\/wp-json\/wp\/v2\/posts\/459\/revisions"}],"predecessor-version":[{"id":463,"href":"https:\/\/blogg.sh.se\/reinvent\/wp-json\/wp\/v2\/posts\/459\/revisions\/463"}],"wp:attachment":[{"href":"https:\/\/blogg.sh.se\/reinvent\/wp-json\/wp\/v2\/media?parent=459"}],"wp:term":[{"taxonomy":"category","embeddable":true,"href":"https:\/\/blogg.sh.se\/reinvent\/wp-json\/wp\/v2\/categories?post=459"},{"taxonomy":"post_tag","embeddable":true,"href":"https:\/\/blogg.sh.se\/reinvent\/wp-json\/wp\/v2\/tags?post=459"}],"curies":[{"name":"wp","href":"https:\/\/api.w.org\/{rel}","templated":true}]}}