{"id":444,"date":"2017-10-09T08:42:30","date_gmt":"2017-10-09T06:42:30","guid":{"rendered":"http:\/\/blogg.sh.se\/reinvent\/?p=444"},"modified":"2017-11-02T12:48:04","modified_gmt":"2017-11-02T11:48:04","slug":"nasta-seminarium-25-oktober","status":"publish","type":"post","link":"https:\/\/blogg.sh.se\/reinvent\/nyhet\/nasta-seminarium-25-oktober\/","title":{"rendered":"N\u00e4sta seminarium 25 oktober!"},"content":{"rendered":"<p><strong>H\u00f6gre seminarium arrangerat av projektet Re-invent vid Institutionen f\u00f6r samh\u00e4llsvetenskaper, S\u00f6dert\u00f6rns h\u00f6gskola.<\/strong><\/p>\n<p>Den <strong>25\u00a0oktober\u00a0<\/strong>pratar vi\u00a0segregations- och integrationspolitik. <strong>Sandra Karlsson<\/strong>\u00a0presenterar sin avhandling &#8221;Omr\u00e5desbaserad politik \u2013 m\u00f6jligheter till strukturell f\u00f6r\u00e4ndring: Lokalt utvecklingsarbete i marginaliserade bostadsomr\u00e5den i Malm\u00f6&#8221;.<\/p>\n<p><a href=\"http:\/\/kth.diva-portal.org\/smash\/record.jsf?aq=%5B%5B%5D%5D&amp;aq2=%5B%5B%5D%5D&amp;sf=all&amp;aqe=%5B%5D&amp;af=%5B%5D&amp;searchType=LIST_COMING&amp;sortOrder=author_sort_asc&amp;onlyFullText=false&amp;noOfRows=50&amp;language=no&amp;pid=diva2%3A1055821&amp;dswid=-5357\" target=\"_blank\" rel=\"noopener\">Klicka h\u00e4r f\u00f6r att l\u00e4sa mer om avhandlingen<\/a>.<\/p>\n<p><strong>Tid och plats<\/strong><br \/>\n<strong>N\u00e4r:<\/strong> onsdag 25\u00a0oktober kl. 11:00-13:00<br \/>\n<strong>Var:<\/strong> Sal MC 213, p\u00e5 plan\u00a02 i C-flygeln, Moas b\u00e5ge, S\u00f6dert\u00f6rns h\u00f6gskola, Campus Flemingsberg<\/p>\n<p><strong>Anm\u00e4lan g\u00f6rs till: <a href=\"mailto:reinvent@sh.se\" target=\"_blank\" rel=\"noopener\">reinvent@sh.se <\/a>\u2013 senast en vecka innan seminariet!<\/strong><\/p>\n<p>Varmt v\u00e4lkomna!<\/p>\n<p>&nbsp;<\/p>\n<p><strong>N\u00e4stkommande seminarier:<\/strong><\/p>\n<div><strong>22\u00a0november<\/strong> 2017<br \/>\n11:00-13:00<br \/>\nLokal: ME355<br \/>\nPatrik Tingvall och Martin Korpi, S\u00f6dert\u00f6rn<br \/>\nTBA<\/div>\n<div><\/div>\n<div><strong>31\u00a0januari 2018<\/strong><br \/>\n11:00-13:00<br \/>\nLokal:\u00a0TBA<\/div>\n","protected":false},"excerpt":{"rendered":"<p>H\u00f6gre seminarium arrangerat av projektet Re-invent vid Institutionen f\u00f6r samh\u00e4llsvetenskaper, S\u00f6dert\u00f6rns h\u00f6gskola. Den 25\u00a0oktober\u00a0pratar vi\u00a0segregations- och integrationspolitik. Sandra Karlsson\u00a0presenterar sin avhandling &#8221;Omr\u00e5desbaserad politik \u2013 m\u00f6jligheter till strukturell f\u00f6r\u00e4ndring: Lokalt utvecklingsarbete i marginaliserade bostadsomr\u00e5den i Malm\u00f6&#8221;. Klicka h\u00e4r f\u00f6r att l\u00e4sa mer om avhandlingen. Tid och plats N\u00e4r: onsdag 25\u00a0oktober kl. 11:00-13:00 Var: Sal MC 213, [&hellip;]<\/p>\n","protected":false},"author":2,"featured_media":0,"comment_status":"closed","ping_status":"open","sticky":false,"template":"","format":"standard","meta":[],"categories":[4],"tags":[],"_links":{"self":[{"href":"https:\/\/blogg.sh.se\/reinvent\/wp-json\/wp\/v2\/posts\/444"}],"collection":[{"href":"https:\/\/blogg.sh.se\/reinvent\/wp-json\/wp\/v2\/posts"}],"about":[{"href":"https:\/\/blogg.sh.se\/reinvent\/wp-json\/wp\/v2\/types\/post"}],"author":[{"embeddable":true,"href":"https:\/\/blogg.sh.se\/reinvent\/wp-json\/wp\/v2\/users\/2"}],"replies":[{"embeddable":true,"href":"https:\/\/blogg.sh.se\/reinvent\/wp-json\/wp\/v2\/comments?post=444"}],"version-history":[{"count":5,"href":"https:\/\/blogg.sh.se\/reinvent\/wp-json\/wp\/v2\/posts\/444\/revisions"}],"predecessor-version":[{"id":450,"href":"https:\/\/blogg.sh.se\/reinvent\/wp-json\/wp\/v2\/posts\/444\/revisions\/450"}],"wp:attachment":[{"href":"https:\/\/blogg.sh.se\/reinvent\/wp-json\/wp\/v2\/media?parent=444"}],"wp:term":[{"taxonomy":"category","embeddable":true,"href":"https:\/\/blogg.sh.se\/reinvent\/wp-json\/wp\/v2\/categories?post=444"},{"taxonomy":"post_tag","embeddable":true,"href":"https:\/\/blogg.sh.se\/reinvent\/wp-json\/wp\/v2\/tags?post=444"}],"curies":[{"name":"wp","href":"https:\/\/api.w.org\/{rel}","templated":true}]}}