{"id":440,"date":"2017-10-03T10:41:13","date_gmt":"2017-10-03T08:41:13","guid":{"rendered":"http:\/\/blogg.sh.se\/reinvent\/?p=440"},"modified":"2017-10-03T10:43:31","modified_gmt":"2017-10-03T08:43:31","slug":"mini-utstallning-med-konceptuella-skisser-till-samverkansaktiviteter-och-ett-fysiskt-centrum-och-gemensamt-karhus-for-samverkan-och-interaktion-i-flemingsberg","status":"publish","type":"post","link":"https:\/\/blogg.sh.se\/reinvent\/nyhet\/mini-utstallning-med-konceptuella-skisser-till-samverkansaktiviteter-och-ett-fysiskt-centrum-och-gemensamt-karhus-for-samverkan-och-interaktion-i-flemingsberg\/","title":{"rendered":"Mini-utst\u00e4llning med konceptuella skisser till samverkansaktiviteter och ett fysiskt centrum och gemensamt k\u00e5rhus f\u00f6r samverkan och interaktion i Flemingsberg!"},"content":{"rendered":"<p>I anslutning till Reinvent-konferensen p\u00e5 fredag den 6:e oktober presenterar studenterna p\u00e5 utbildningsprogrammet IT, medier och design sina skisser p\u00e5 ett hus f\u00f6r samverkan mellan olika akt\u00f6rer vid Campus Flemingsberg och olika aktiviteter och tj\u00e4nster som detta centrum ska byggas upp av.<\/p>\n<p>Passa p\u00e5 att bes\u00f6ka utst\u00e4llningen som \u00e4ger rum p\u00e5 fredag 6\/10 kl. 12-13 utanf\u00f6r MB505 (ovanf\u00f6r aulafoaj\u00e9n).<\/p>\n<p>F\u00f6r mer information <a href=\"http:\/\/mi.sh.se\/2017\/09\/29\/mini-utstallning-med-konceptuella-skisser-till-samverkansaktiviteter-och-ett-fysiskt-centrum-och-gemensamt-karhus-for-samverkan-och-interaktion-i-flemingsberg\/\" target=\"_blank\" rel=\"noopener\">klicka h\u00e4r f\u00f6r att komma till medietekniks hemsida <\/a>eller kontakta:<br \/>\njohan.bornebusch@sh.se eller sofia.lundmark@sh.se<\/p>\n","protected":false},"excerpt":{"rendered":"<p>I anslutning till Reinvent-konferensen p\u00e5 fredag den 6:e oktober presenterar studenterna p\u00e5 utbildningsprogrammet IT, medier och design sina skisser p\u00e5 ett hus f\u00f6r samverkan mellan olika akt\u00f6rer vid Campus Flemingsberg och olika aktiviteter och tj\u00e4nster som detta centrum ska byggas upp av. Passa p\u00e5 att bes\u00f6ka utst\u00e4llningen som \u00e4ger rum p\u00e5 fredag 6\/10 kl. 12-13 [&hellip;]<\/p>\n","protected":false},"author":2,"featured_media":0,"comment_status":"closed","ping_status":"open","sticky":false,"template":"","format":"standard","meta":[],"categories":[4],"tags":[],"_links":{"self":[{"href":"https:\/\/blogg.sh.se\/reinvent\/wp-json\/wp\/v2\/posts\/440"}],"collection":[{"href":"https:\/\/blogg.sh.se\/reinvent\/wp-json\/wp\/v2\/posts"}],"about":[{"href":"https:\/\/blogg.sh.se\/reinvent\/wp-json\/wp\/v2\/types\/post"}],"author":[{"embeddable":true,"href":"https:\/\/blogg.sh.se\/reinvent\/wp-json\/wp\/v2\/users\/2"}],"replies":[{"embeddable":true,"href":"https:\/\/blogg.sh.se\/reinvent\/wp-json\/wp\/v2\/comments?post=440"}],"version-history":[{"count":3,"href":"https:\/\/blogg.sh.se\/reinvent\/wp-json\/wp\/v2\/posts\/440\/revisions"}],"predecessor-version":[{"id":443,"href":"https:\/\/blogg.sh.se\/reinvent\/wp-json\/wp\/v2\/posts\/440\/revisions\/443"}],"wp:attachment":[{"href":"https:\/\/blogg.sh.se\/reinvent\/wp-json\/wp\/v2\/media?parent=440"}],"wp:term":[{"taxonomy":"category","embeddable":true,"href":"https:\/\/blogg.sh.se\/reinvent\/wp-json\/wp\/v2\/categories?post=440"},{"taxonomy":"post_tag","embeddable":true,"href":"https:\/\/blogg.sh.se\/reinvent\/wp-json\/wp\/v2\/tags?post=440"}],"curies":[{"name":"wp","href":"https:\/\/api.w.org\/{rel}","templated":true}]}}