{"id":295,"date":"2017-04-07T08:59:57","date_gmt":"2017-04-07T06:59:57","guid":{"rendered":"http:\/\/blogg.sh.se\/reinvent\/?p=295"},"modified":"2017-09-18T14:42:23","modified_gmt":"2017-09-18T12:42:23","slug":"seminarium-26-april-hur-bygger-vi-ett-socialt-hallbart-huddinge","status":"publish","type":"post","link":"https:\/\/blogg.sh.se\/reinvent\/seminarium\/seminarium-26-april-hur-bygger-vi-ett-socialt-hallbart-huddinge\/","title":{"rendered":"Seminarium 26 april: &#8221;Hur bygger vi ett socialt h\u00e5llbart Huddinge?&#8221;"},"content":{"rendered":"<p>H\u00f6gre seminarium arrangerat av projektet Re-invent vid Institutionen f\u00f6r samh\u00e4llsvetenskaper, S\u00f6dert\u00f6rns h\u00f6gskola.<\/p>\n<p>Den <strong>26 april<\/strong>\u00a0ska Marcel Moritz, ledare f\u00f6r h\u00e5llbarhet och Signe Wernberg, omr\u00e5desstrateg p\u00e5 Huddinge kommun, ge en presentation med titeln <strong>&#8221;Hur bygger vi ett socialt h\u00e5llbart Huddinge?&#8221;<\/strong>.<\/p>\n<p><strong>Tid och plats<\/strong><br \/>\n<strong>N\u00e4r:<\/strong> onsdag 26 april kl. 11:00-13:00<br \/>\n<strong>Var:<\/strong> Sal MC 224, p\u00e5 plan tv\u00e5 i C-flygeln, Moas b\u00e5ge, S\u00f6dert\u00f6rns h\u00f6gskola, Campus Flemingsberg<\/p>\n<p><strong>Anm\u00e4lan g\u00f6rs till: <a href=\"mailto:reinvent@sh.se\" target=\"_blank\">reinvent@sh.se<\/a> &#8211; senast en vecka innan!<\/strong><\/p>\n<p>Varmt v\u00e4lkomna!<\/p>\n<p><strong>N\u00e4stkommande tillf\u00e4llen:<\/strong><br \/>\nOnsdag 24 maj 2017<br \/>\n11:00-13:00<br \/>\nLokal: ME 355<br \/>\n&#8221;Stadsliv och levande lokala centrum&#8221;. Fredrik Bergstr\u00f6m fr\u00e5n WSP.<\/p>\n","protected":false},"excerpt":{"rendered":"<p>H\u00f6gre seminarium arrangerat av projektet Re-invent vid Institutionen f\u00f6r samh\u00e4llsvetenskaper, S\u00f6dert\u00f6rns h\u00f6gskola. Den 26 april\u00a0ska Marcel Moritz, ledare f\u00f6r h\u00e5llbarhet och Signe Wernberg, omr\u00e5desstrateg p\u00e5 Huddinge kommun, ge en presentation med titeln &#8221;Hur bygger vi ett socialt h\u00e5llbart Huddinge?&#8221;. Tid och plats N\u00e4r: onsdag 26 april kl. 11:00-13:00 Var: Sal MC 224, p\u00e5 plan tv\u00e5 [&hellip;]<\/p>\n","protected":false},"author":2,"featured_media":0,"comment_status":"closed","ping_status":"open","sticky":false,"template":"","format":"standard","meta":[],"categories":[6],"tags":[],"_links":{"self":[{"href":"https:\/\/blogg.sh.se\/reinvent\/wp-json\/wp\/v2\/posts\/295"}],"collection":[{"href":"https:\/\/blogg.sh.se\/reinvent\/wp-json\/wp\/v2\/posts"}],"about":[{"href":"https:\/\/blogg.sh.se\/reinvent\/wp-json\/wp\/v2\/types\/post"}],"author":[{"embeddable":true,"href":"https:\/\/blogg.sh.se\/reinvent\/wp-json\/wp\/v2\/users\/2"}],"replies":[{"embeddable":true,"href":"https:\/\/blogg.sh.se\/reinvent\/wp-json\/wp\/v2\/comments?post=295"}],"version-history":[{"count":14,"href":"https:\/\/blogg.sh.se\/reinvent\/wp-json\/wp\/v2\/posts\/295\/revisions"}],"predecessor-version":[{"id":330,"href":"https:\/\/blogg.sh.se\/reinvent\/wp-json\/wp\/v2\/posts\/295\/revisions\/330"}],"wp:attachment":[{"href":"https:\/\/blogg.sh.se\/reinvent\/wp-json\/wp\/v2\/media?parent=295"}],"wp:term":[{"taxonomy":"category","embeddable":true,"href":"https:\/\/blogg.sh.se\/reinvent\/wp-json\/wp\/v2\/categories?post=295"},{"taxonomy":"post_tag","embeddable":true,"href":"https:\/\/blogg.sh.se\/reinvent\/wp-json\/wp\/v2\/tags?post=295"}],"curies":[{"name":"wp","href":"https:\/\/api.w.org\/{rel}","templated":true}]}}