{"id":136,"date":"2017-02-26T11:00:31","date_gmt":"2017-02-26T10:00:31","guid":{"rendered":"http:\/\/blogg.sh.se\/reinvent\/?p=136"},"modified":"2017-09-18T14:41:47","modified_gmt":"2017-09-18T12:41:47","slug":"valkommen-till-seminarieserie-inom-ramen-for-projektet-re-invent","status":"publish","type":"post","link":"https:\/\/blogg.sh.se\/reinvent\/seminarium\/valkommen-till-seminarieserie-inom-ramen-for-projektet-re-invent\/","title":{"rendered":"V\u00e4lkommen till seminarieserie inom ramen f\u00f6r projektet Re-invent"},"content":{"rendered":"<p><span style=\"font-family: Calibri; font-size: medium;\">Seminarieserien presenterar forskning som tas fram inom projektet och annan forskning som anknyter till projektets tema. F\u00f6rutom forskarna sj\u00e4lva s\u00e5 bjuds projektets partners in fr\u00e5n n\u00e4ringslivet och andra experter f\u00f6r att presentera det senaste inom sina omr\u00e5den.<\/span><\/p>\n<p><span style=\"font-family: Calibri; font-size: medium;\"><strong>F\u00f6rsta tillf\u00e4llet \u00e4r den 29<\/strong> <strong>mars<\/strong> och d\u00e5 ska Oana Mihaescu, filosofie doktor i ekonomisk utveckling och planering, prata om \u201dRetail location and place attractiveness: theory and practice\u201d.<\/span><\/p>\n<p><strong><span style=\"font-family: Calibri; font-size: medium;\">Vart<\/span><\/strong><\/p>\n<p><span style=\"font-family: Calibri; font-size: medium;\">Sal MC224<\/span><\/p>\n<p><strong><span style=\"font-family: Calibri; font-size: medium;\">N\u00e4r<\/span><\/strong><\/p>\n<p><span style=\"font-family: Calibri; font-size: medium;\">Vi b\u00f6rjar klockan 11.00 och avslutar klockan 13.00. <\/span><\/p>\n<p><strong><span style=\"font-family: Calibri; font-size: medium;\">Anm\u00e4lan<\/span><\/strong><\/p>\n<p><span style=\"font-family: Calibri; font-size: medium;\">Deltagande anm\u00e4ls senast den 20 mars till <\/span><a href=\"mailto:reinvent@sh.se\"><span style=\"font-family: Calibri; font-size: medium;\">reinvent@sh.se<\/span><\/a><span style=\"font-family: Calibri; font-size: medium;\">. <\/span><\/p>\n<p><span style=\"margin: 0px; color: black; line-height: 107%; font-family: 'Calibri',sans-serif; font-size: 11pt;\">Varmt v\u00e4lkommen!<\/span><\/p>\n","protected":false},"excerpt":{"rendered":"<p>Seminarieserien presenterar forskning som tas fram inom projektet och annan forskning som anknyter till projektets tema. F\u00f6rutom forskarna sj\u00e4lva s\u00e5 bjuds projektets partners in fr\u00e5n n\u00e4ringslivet och andra experter f\u00f6r att presentera det senaste inom sina omr\u00e5den. F\u00f6rsta tillf\u00e4llet \u00e4r den 29 mars och d\u00e5 ska Oana Mihaescu, filosofie doktor i ekonomisk utveckling och planering, [&hellip;]<\/p>\n","protected":false},"author":2,"featured_media":0,"comment_status":"closed","ping_status":"open","sticky":false,"template":"","format":"standard","meta":[],"categories":[6],"tags":[],"_links":{"self":[{"href":"https:\/\/blogg.sh.se\/reinvent\/wp-json\/wp\/v2\/posts\/136"}],"collection":[{"href":"https:\/\/blogg.sh.se\/reinvent\/wp-json\/wp\/v2\/posts"}],"about":[{"href":"https:\/\/blogg.sh.se\/reinvent\/wp-json\/wp\/v2\/types\/post"}],"author":[{"embeddable":true,"href":"https:\/\/blogg.sh.se\/reinvent\/wp-json\/wp\/v2\/users\/2"}],"replies":[{"embeddable":true,"href":"https:\/\/blogg.sh.se\/reinvent\/wp-json\/wp\/v2\/comments?post=136"}],"version-history":[{"count":1,"href":"https:\/\/blogg.sh.se\/reinvent\/wp-json\/wp\/v2\/posts\/136\/revisions"}],"predecessor-version":[{"id":137,"href":"https:\/\/blogg.sh.se\/reinvent\/wp-json\/wp\/v2\/posts\/136\/revisions\/137"}],"wp:attachment":[{"href":"https:\/\/blogg.sh.se\/reinvent\/wp-json\/wp\/v2\/media?parent=136"}],"wp:term":[{"taxonomy":"category","embeddable":true,"href":"https:\/\/blogg.sh.se\/reinvent\/wp-json\/wp\/v2\/categories?post=136"},{"taxonomy":"post_tag","embeddable":true,"href":"https:\/\/blogg.sh.se\/reinvent\/wp-json\/wp\/v2\/tags?post=136"}],"curies":[{"name":"wp","href":"https:\/\/api.w.org\/{rel}","templated":true}]}}