{"id":95,"date":"2019-09-16T07:05:43","date_gmt":"2019-09-16T07:05:43","guid":{"rendered":"http:\/\/blogg.sh.se\/paus\/?p=95"},"modified":"2019-09-16T07:05:43","modified_gmt":"2019-09-16T07:05:43","slug":"paus-projektets-halvtidskonferens","status":"publish","type":"post","link":"https:\/\/blogg.sh.se\/paus\/kategorier\/paus-projektets-halvtidskonferens\/","title":{"rendered":"PAUS projektets halvtidskonferens"},"content":{"rendered":"\n<p><\/p>\n\n\n\n<p><strong><em>Johanna Tollb\u00e4ck, nationell projektledare f\u00f6r PAUS, <\/em><\/strong><br><strong><em>S\u00f6dert\u00f6rns h\u00f6gskola<\/em><\/strong><\/p>\n\n\n\n<p>Den 29 augusti hade projektet en konferens, l\u00e4rande m\u00f6te, f\u00f6r erfarenhetsutbyte och kunskapsspridning kring personr\u00f6rlighet.  Konferensen syftade till att dokumentera erfarenheter samt att sprida resultat fr\u00e5n de 30-tal som hittills har deltagit i ett utbyte. Det blev en v\u00e4ldigt intressant dag med stort engagemang fr\u00e5n alla deltagare! <\/p>\n\n\n\n<figure class=\"wp-block-image\"><img loading=\"lazy\" width=\"940\" height=\"514\" src=\"http:\/\/blogg.sh.se\/paus\/wp-content\/uploads\/2019\/09\/PAUS-stor-ritad-bild-1.png\" alt=\"\" class=\"wp-image-110\" srcset=\"https:\/\/blogg.sh.se\/paus\/wp-content\/uploads\/2019\/09\/PAUS-stor-ritad-bild-1.png 940w, https:\/\/blogg.sh.se\/paus\/wp-content\/uploads\/2019\/09\/PAUS-stor-ritad-bild-1-300x164.png 300w, https:\/\/blogg.sh.se\/paus\/wp-content\/uploads\/2019\/09\/PAUS-stor-ritad-bild-1-768x420.png 768w, https:\/\/blogg.sh.se\/paus\/wp-content\/uploads\/2019\/09\/PAUS-stor-ritad-bild-1-580x317.png 580w\" sizes=\"(max-width: 940px) 100vw, 940px\" \/><\/figure>\n\n\n\n<p>P\u00e5 f\u00f6rmiddagen fick vi lyssna till Annika \u00d6hrner, docent i konstvetenskap vid S\u00f6dert\u00f6rns h\u00f6gskola som tillsammans med Martin Olin forskningschef p\u00e5 National museum och student Hanna Gordon ber\u00e4ttade om sin vistelse hos National museum. Hanna deltog som student i den kurs som utvecklades under utbytet.  <\/p>\n\n\n\n<p>Per Fransson, adjunkt och grundutbildningsansvarig p\u00e5 KTH ber\u00e4ttade om sina erfarenheter fr\u00e5n utbytet hos Knivsta kommun, Alsike fastighets AB i projektet Self build city.  <\/p>\n\n\n\n<p>Mikaela Almerud, H\u00f6gskolepolitisk expert och ansvarig f\u00f6r h\u00f6gskolefr\u00e5gor\/kompetensf\u00f6rs\u00f6rjning p\u00e5 Svenskt n\u00e4ringsliv ber\u00e4ttade om n\u00e4ringslivets utmaningar med kompetensf\u00f6rs\u00f6rjning och hur \u00f6kad samverkan mellan n\u00e4ringsliv och akademin \u00e4r en viktigt \u00e5tg\u00e4rd f\u00f6r att m\u00f6ta dessa utmaningar.  <\/p>\n\n\n\n<figure class=\"wp-block-image\"><img loading=\"lazy\" width=\"1024\" height=\"683\" src=\"http:\/\/blogg.sh.se\/paus\/wp-content\/uploads\/2019\/09\/Annika-Martin-Hanna-1024x683.jpg\" alt=\"\" class=\"wp-image-107\" srcset=\"https:\/\/blogg.sh.se\/paus\/wp-content\/uploads\/2019\/09\/Annika-Martin-Hanna-1024x683.jpg 1024w, https:\/\/blogg.sh.se\/paus\/wp-content\/uploads\/2019\/09\/Annika-Martin-Hanna-300x200.jpg 300w, https:\/\/blogg.sh.se\/paus\/wp-content\/uploads\/2019\/09\/Annika-Martin-Hanna-768x512.jpg 768w, https:\/\/blogg.sh.se\/paus\/wp-content\/uploads\/2019\/09\/Annika-Martin-Hanna-580x387.jpg 580w\" sizes=\"(max-width: 1024px) 100vw, 1024px\" \/><figcaption>Martin Olin, Annika \u00d6hrner och Hanna Gordon<\/figcaption><\/figure>\n\n\n\n<p>Under\u00a0dokument i menyraden\u00a0kan ni\u00a0ta del av presentationer och ritade bilder.\u00a0<\/p>\n\n\n\n<p>P\u00e5 eftermiddagen jobbade vi i workshops kring olika teman; \u201dV\u00e4rde av personr\u00f6rlighet\u201d, \u201dStudentmedverkan och utbildningskvalitet\u201d, \u201dEffekter av personr\u00f6rlighet\u201d och \u201dPersonr\u00f6rlighet som del av ordinarie verksamheter\u201d. Det var ett stort engagemang fr\u00e5n alla deltagare och mycket intressanta diskussioner. Allt dokumenterades av Anna Hedman Jernberg, AHA byr\u00e5n i bilder som nu kan anv\u00e4ndas som inspiration och informationsspridning (se under Dokument).<\/p>\n\n\n\n<figure class=\"wp-block-image\"><img loading=\"lazy\" width=\"1024\" height=\"683\" src=\"http:\/\/blogg.sh.se\/paus\/wp-content\/uploads\/2019\/09\/Anders-Green-Per-Fransson-1024x683.jpg\" alt=\"\" class=\"wp-image-108\" srcset=\"https:\/\/blogg.sh.se\/paus\/wp-content\/uploads\/2019\/09\/Anders-Green-Per-Fransson-1024x683.jpg 1024w, https:\/\/blogg.sh.se\/paus\/wp-content\/uploads\/2019\/09\/Anders-Green-Per-Fransson-300x200.jpg 300w, https:\/\/blogg.sh.se\/paus\/wp-content\/uploads\/2019\/09\/Anders-Green-Per-Fransson-768x512.jpg 768w, https:\/\/blogg.sh.se\/paus\/wp-content\/uploads\/2019\/09\/Anders-Green-Per-Fransson-580x387.jpg 580w\" sizes=\"(max-width: 1024px) 100vw, 1024px\" \/><figcaption>Anders Green, SH och Per Franson, KTH<\/figcaption><\/figure>\n\n\n\n<p>Nu \u00e4r det\u00a0allas uppgift att forts\u00e4tta kommunicera de positiva effekter som r\u00f6rlighet mellan sektorer leder till och se till att skapa forum f\u00f6r att sprida den h\u00e4r kunskapen. PAUS projektet rullar p\u00e5 med en omg\u00e5ng utbyten till!<\/p>\n","protected":false},"excerpt":{"rendered":"<p>Johanna Tollb\u00e4ck, nationell projektledare f\u00f6r PAUS, S\u00f6dert\u00f6rns h\u00f6gskola Den 29 augusti hade projektet en konferens, l\u00e4rande m\u00f6te, f\u00f6r erfarenhetsutbyte och kunskapsspridning kring personr\u00f6rlighet. Konferensen syftade till att dokumentera erfarenheter samt att sprida resultat fr\u00e5n de 30-tal som hittills har deltagit i ett utbyte. Det blev en v\u00e4ldigt intressant dag med stort engagemang fr\u00e5n alla deltagare! [&hellip;]<\/p>\n","protected":false},"author":2,"featured_media":0,"comment_status":"closed","ping_status":"closed","sticky":false,"template":"","format":"standard","meta":[],"categories":[1],"tags":[],"_links":{"self":[{"href":"https:\/\/blogg.sh.se\/paus\/wp-json\/wp\/v2\/posts\/95"}],"collection":[{"href":"https:\/\/blogg.sh.se\/paus\/wp-json\/wp\/v2\/posts"}],"about":[{"href":"https:\/\/blogg.sh.se\/paus\/wp-json\/wp\/v2\/types\/post"}],"author":[{"embeddable":true,"href":"https:\/\/blogg.sh.se\/paus\/wp-json\/wp\/v2\/users\/2"}],"replies":[{"embeddable":true,"href":"https:\/\/blogg.sh.se\/paus\/wp-json\/wp\/v2\/comments?post=95"}],"version-history":[{"count":7,"href":"https:\/\/blogg.sh.se\/paus\/wp-json\/wp\/v2\/posts\/95\/revisions"}],"predecessor-version":[{"id":131,"href":"https:\/\/blogg.sh.se\/paus\/wp-json\/wp\/v2\/posts\/95\/revisions\/131"}],"wp:attachment":[{"href":"https:\/\/blogg.sh.se\/paus\/wp-json\/wp\/v2\/media?parent=95"}],"wp:term":[{"taxonomy":"category","embeddable":true,"href":"https:\/\/blogg.sh.se\/paus\/wp-json\/wp\/v2\/categories?post=95"},{"taxonomy":"post_tag","embeddable":true,"href":"https:\/\/blogg.sh.se\/paus\/wp-json\/wp\/v2\/tags?post=95"}],"curies":[{"name":"wp","href":"https:\/\/api.w.org\/{rel}","templated":true}]}}