{"id":72,"date":"2019-06-04T08:16:07","date_gmt":"2019-06-04T08:16:07","guid":{"rendered":"http:\/\/blogg.sh.se\/paus\/?p=72"},"modified":"2019-06-04T08:16:07","modified_gmt":"2019-06-04T08:16:07","slug":"genom-projektet-paus-oppnas-nya-perspektiv-upp","status":"publish","type":"post","link":"https:\/\/blogg.sh.se\/paus\/kategorier\/genom-projektet-paus-oppnas-nya-perspektiv-upp\/","title":{"rendered":"Genom projektet PAUS \u00f6ppnas nya perspektiv upp"},"content":{"rendered":"\n<p>F\u00f6rfattare: Susanna Bj\u00e4levik, Verklighetslabbet <a href=\"https:\/\/www.verklighetslabbet.se\">https:\/\/www.verklighetslabbet.se<\/a><\/p>\n\n\n\n<p><strong>Inledning <\/strong><\/p>\n\n\n\n<p>\u00c4ldreomsorgen st\u00e5r inf\u00f6r flera utmaningar, dels i \u00f6kat antal \u00e4ldre men \u00e4ven att ha r\u00e4tt personal med r\u00e4tt kompetens. Genom Verklighetsabbet som \u00e4r ett forum f\u00f6r projekt, forskning och innovation direkt i en p\u00e5g\u00e5ende verksamhet i \u00e4ldreomsorgen \u00f6ppnas d\u00f6rrarna upp. En arena f\u00f6r att pr\u00f6va och testa b\u00e5de produkter och arbetsmetoder med en direkt \u00e5terkoppling fr\u00e5n slutanv\u00e4ndarna \u2013 de \u00e4ldre och personalen.  Att v\u00e5ga t\u00e4nka nytt, se bortom de ramar som \u00e4ldreomsorgen omfattas av kr\u00e4ver nya s\u00e4tt. M\u00e5nga tankar och fr\u00e5gor som utmanar ett omr\u00e5de som \u00e4ldreomsorgen d\u00e4r en alltid p\u00e5g\u00e5ende central utmaning \u00e4r att ta ett (flera) steg fr\u00e5n institutionsk\u00e4nslan till ett personcentrerat omsorgsboende. Hemmablind \u00e4r ett klassiskt uttryck f\u00f6r all kunskap som redan finns men som inte \u00e4r synlig i vardagen. Att visa och ber\u00e4tta \u00f6kar den interna begripligheten, genom ett yttre perspektiv byggs en \u00f6msesidig f\u00f6rst\u00e5else upp. <\/p>\n\n\n\n<p><strong>Ett tema f\u00f6r utbytet &#8211; kommunikation<\/strong> <\/p>\n\n\n\n<p>Vincent Demargne blev en naturlig del av Verklighetslabbet under ett drygt halv\u00e5r. Genom hans n\u00e4rvaro och observationer medvetandegjordes mycket f\u00f6r oss som redan \u00e4r en del av verksamheten. Tiden tillsammans planerades utifr\u00e5n konceptet design thinking, en iterativ process som st\u00f6ttar att utveckla nya id\u00e9er.  Under v\u00e5rt samarbete l\u00e5g fokus p\u00e5 kommunikation. Fastlagda m\u00f6ten, digitala v\u00e4gar och korridorsm\u00f6ten &#8211; alla sammanhang sker alltid n\u00e5gon form av informations\u00f6verf\u00f6ring. En djupdykning ner i hur, mot, varf\u00f6r, n\u00e4r och f\u00f6r. Vilka ord och begrepp anv\u00e4nds inom olika forum f\u00f6r dialog? N\u00e4r \u00f6verg\u00e5r dialog till monolog och finns det en po\u00e4ng med det? Vad h\u00e4nder med den mottagna informationen? Hur f\u00f6rvaltas den? Skillnader mellan digitala och fysiska dialoger, hur se samskapandet ut och finns m\u00f6jlighet till utveckling? <\/p>\n\n\n\n<div class=\"wp-block-image\"><figure class=\"aligncenter\"><img loading=\"lazy\" width=\"340\" height=\"454\" src=\"http:\/\/blogg.sh.se\/paus\/wp-content\/uploads\/2019\/06\/verklighetslabb_01.jpg\" alt=\"\" class=\"wp-image-73\" srcset=\"https:\/\/blogg.sh.se\/paus\/wp-content\/uploads\/2019\/06\/verklighetslabb_01.jpg 340w, https:\/\/blogg.sh.se\/paus\/wp-content\/uploads\/2019\/06\/verklighetslabb_01-225x300.jpg 225w\" sizes=\"(max-width: 340px) 100vw, 340px\" \/><figcaption>Vincent Demargne, adjunkt institutionen f\u00f6r naturvetenskap, milj\u00f6 och teknik vid S\u00f6dert\u00f6rns h\u00f6gskola g\u00f6r sitt PAUS utbyte p\u00e5 Verklighetslabbet<\/figcaption><\/figure><\/div>\n\n\n\n<p><strong>F\u00f6rst\u00e5else f\u00f6r vardagliga utmaningar <\/strong><\/p>\n\n\n\n<p>Vincent fick raskt m\u00f6ta slutanv\u00e4ndaren genom dans p\u00e5 danscaf\u00e9. Ett par danser senare \u00f6ppnas upp de otroliga resurser v\u00e5ra \u00e4ldre besitter. D\u00e4refter f\u00f6lja en undersk\u00f6terska i alla hens breda arbetsomr\u00e5de. Att se och m\u00f6ta de faktiska f\u00f6ruts\u00e4ttningarna i kommunikation gav en gedigen start p\u00e5 Vincents och Verklighetslabbets gemensamma resa. Att vara n\u00e4rvarande i en p\u00e5g\u00e5ende verksamhet skapar f\u00f6ruts\u00e4ttningar till f\u00f6rst\u00e5else och Vincents lyh\u00f6rdhet m\u00f6jliggjorde att uppt\u00e4cka subtila signaler i kommunikation.<\/p>\n\n\n\n<p> <strong>Avslutning <\/strong><\/p>\n\n\n\n<p>V\u00e5r resas sista h\u00e5llplats var att genomf\u00f6ra en workshop i temat kommunikation med anst\u00e4llda. Fr\u00e5n detta framkom n\u00e5gra centrala utmaningar i kommunikation och f\u00f6rslag p\u00e5 m\u00f6jliga l\u00f6sningar \u2013 direkt fr\u00e5n personal p\u00e5 Stureby V\u00e5rd och omsorgsboende. Sammanst\u00e4llningen av l\u00f6sningar har ledningen tagit emot med stort intresse och skapat f\u00f6ruts\u00e4ttningar att ha en grund att utg\u00e5 ifr\u00e5n. F\u00f6r kommunikation utvecklas alltid i relation till omgivning, olika f\u00f6ruts\u00e4ttningar och fr\u00e5n en sj\u00e4lv.  <\/p>\n\n\n\n<div class=\"wp-block-image\"><figure class=\"aligncenter\"><img loading=\"lazy\" width=\"340\" height=\"454\" src=\"http:\/\/blogg.sh.se\/paus\/wp-content\/uploads\/2019\/06\/verklighetslabb_02.jpg\" alt=\"\" class=\"wp-image-74\" srcset=\"https:\/\/blogg.sh.se\/paus\/wp-content\/uploads\/2019\/06\/verklighetslabb_02.jpg 340w, https:\/\/blogg.sh.se\/paus\/wp-content\/uploads\/2019\/06\/verklighetslabb_02-225x300.jpg 225w\" sizes=\"(max-width: 340px) 100vw, 340px\" \/><figcaption>Resultatet av en\u00a0design thinking process,\u00a0i modellera<\/figcaption><\/figure><\/div>\n","protected":false},"excerpt":{"rendered":"<p>F\u00f6rfattare: Susanna Bj\u00e4levik, Verklighetslabbet https:\/\/www.verklighetslabbet.se Inledning \u00c4ldreomsorgen st\u00e5r inf\u00f6r flera utmaningar, dels i \u00f6kat antal \u00e4ldre men \u00e4ven att ha r\u00e4tt personal med r\u00e4tt kompetens. Genom Verklighetsabbet som \u00e4r ett forum f\u00f6r projekt, forskning och innovation direkt i en p\u00e5g\u00e5ende verksamhet i \u00e4ldreomsorgen \u00f6ppnas d\u00f6rrarna upp. En arena f\u00f6r att pr\u00f6va och testa b\u00e5de produkter [&hellip;]<\/p>\n","protected":false},"author":1,"featured_media":0,"comment_status":"closed","ping_status":"closed","sticky":false,"template":"","format":"standard","meta":[],"categories":[1],"tags":[],"_links":{"self":[{"href":"https:\/\/blogg.sh.se\/paus\/wp-json\/wp\/v2\/posts\/72"}],"collection":[{"href":"https:\/\/blogg.sh.se\/paus\/wp-json\/wp\/v2\/posts"}],"about":[{"href":"https:\/\/blogg.sh.se\/paus\/wp-json\/wp\/v2\/types\/post"}],"author":[{"embeddable":true,"href":"https:\/\/blogg.sh.se\/paus\/wp-json\/wp\/v2\/users\/1"}],"replies":[{"embeddable":true,"href":"https:\/\/blogg.sh.se\/paus\/wp-json\/wp\/v2\/comments?post=72"}],"version-history":[{"count":3,"href":"https:\/\/blogg.sh.se\/paus\/wp-json\/wp\/v2\/posts\/72\/revisions"}],"predecessor-version":[{"id":77,"href":"https:\/\/blogg.sh.se\/paus\/wp-json\/wp\/v2\/posts\/72\/revisions\/77"}],"wp:attachment":[{"href":"https:\/\/blogg.sh.se\/paus\/wp-json\/wp\/v2\/media?parent=72"}],"wp:term":[{"taxonomy":"category","embeddable":true,"href":"https:\/\/blogg.sh.se\/paus\/wp-json\/wp\/v2\/categories?post=72"},{"taxonomy":"post_tag","embeddable":true,"href":"https:\/\/blogg.sh.se\/paus\/wp-json\/wp\/v2\/tags?post=72"}],"curies":[{"name":"wp","href":"https:\/\/api.w.org\/{rel}","templated":true}]}}