{"id":171,"date":"2020-01-17T08:52:50","date_gmt":"2020-01-17T08:52:50","guid":{"rendered":"http:\/\/blogg.sh.se\/paus\/?p=171"},"modified":"2020-01-17T08:52:50","modified_gmt":"2020-01-17T08:52:50","slug":"malkonflikter-motstand-och-mening-och-forskning-som-borjade-flyga","status":"publish","type":"post","link":"https:\/\/blogg.sh.se\/paus\/kategorier\/malkonflikter-motstand-och-mening-och-forskning-som-borjade-flyga\/","title":{"rendered":"M\u00e5lkonflikter, motst\u00e5nd och mening &#8211; och forskning som b\u00f6rjade flyga."},"content":{"rendered":"\n<p><strong>Maria Wolrath S\u00f6derberg ber\u00e4ttar om sitt PAUS-projekt p\u00e5 Fores klimatprogram<\/strong><\/p>\n\n\n\n<figure class=\"wp-block-image is-resized\"><img loading=\"lazy\" src=\"https:\/\/blogg.sh.se\/paus\/wp-content\/uploads\/2020\/01\/Maria-WS2-734x1024.png\" alt=\"\" class=\"wp-image-172\" width=\"128\" height=\"179\" srcset=\"https:\/\/blogg.sh.se\/paus\/wp-content\/uploads\/2020\/01\/Maria-WS2-734x1024.png 734w, https:\/\/blogg.sh.se\/paus\/wp-content\/uploads\/2020\/01\/Maria-WS2-215x300.png 215w, https:\/\/blogg.sh.se\/paus\/wp-content\/uploads\/2020\/01\/Maria-WS2-768x1072.png 768w, https:\/\/blogg.sh.se\/paus\/wp-content\/uploads\/2020\/01\/Maria-WS2-580x810.png 580w, https:\/\/blogg.sh.se\/paus\/wp-content\/uploads\/2020\/01\/Maria-WS2.png 1362w\" sizes=\"(max-width: 128px) 100vw, 128px\" \/><\/figure>\n\n\n\n<p><em>F\u00f6rfattare: Maria Wolrath S\u00f6derberg, Fil.dr lektor i retorik, institutionen f\u00f6r kultur och l\u00e4rande, S\u00f6dert\u00f6rns h\u00f6gskola<\/em><\/p>\n\n\n\n<p>Boken Grounded \u2013 Beyond Flygskam lanserades i b\u00f6rjan av december. Det \u00e4r en forskningsrapport (finansierad av Riksbankens jubileumsfond) som unders\u00f6ker hur m\u00e4nniskor resonerar som faktiskt \u00e4ndrar beteende f\u00f6r klimatets skull \u2013 de 650 informanterna har alla slutat flyga. har v\u00e4ckt stor uppm\u00e4rksamhet i medierna nu under vintern.  <\/p>\n\n\n\n<p>Att det h\u00e4r h\u00e4nde, var ett direkt resultat av att jag fick tillf\u00e4lle att g\u00f6ra ett PAUS-utbyte p\u00e5 Fores klimatprogram.  <\/p>\n\n\n\n<p>Som retoriker forskar jag om hur m\u00e4nniskor resonerar i klimatfr\u00e5gor, och som f\u00f6rest\u00e5ndare f\u00f6r H\u00f6gskolepedagogiken brinner jag f\u00f6r pedagogik som st\u00e4rker studenternas f\u00f6rm\u00e5gor att m\u00f6ta komplexa och sv\u00e5ra samh\u00e4llsfr\u00e5gor, just som h\u00e5llbarhetsfr\u00e5gor ofta \u00e4r.  Under mitt PAUS-projekt p\u00e5 Fores klimatprogram t\u00e4nkte jag f\u00f6rena de h\u00e4r intressena \u2013 uppleva en kontext d\u00e4r min forskning b\u00e5de kunde informeras och anv\u00e4ndas och i detsamma fiska upp fr\u00e5gor och problem f\u00f6r studenter att arbeta med och skapa kontakter f\u00f6r praktiktillf\u00e4llen. S\u00e5 blev det, p\u00e5 s\u00e4tt och vis.<\/p>\n\n\n\n<p>Den kanske viktigaste kunskapen jag fick g\u00e4llde komplexiteten i de sv\u00e5ra f\u00f6rhandlingar mellan v\u00e4rden och olika akt\u00f6rer som beh\u00f6vs f\u00f6r att det ska ske verkliga beteendef\u00f6r\u00e4ndringar p\u00e5 systemniv\u00e5. Fores samlar n\u00e4ringslivsf\u00f6retr\u00e4dare, politiker, media, forskare och engagerad allm\u00e4nhet till olika former av m\u00f6ten och samverkan exempelvis n\u00e4r det g\u00e4ller att f\u00e5 till minskning av fossilberoende transporter.  F\u00f6r att komma in i Fores verksamhet kr\u00e4vdes en del socialt engagemang och m\u00e5nga initiativ, inte minst f\u00f6r att min kontaktperson hade slutat, s\u00e5 jag fick sj\u00e4lv tr\u00e4nga mig p\u00e5. Men jag blev insl\u00e4ppt och kunde snart ocks\u00e5 bidra med perspektiv, analyser, kontakter och inte minst med en del utbildning av och st\u00f6d till personalen med retoriska perspektiv.  <\/p>\n\n\n\n<p>Det var sv\u00e5rare att f\u00e5 till studentsamarbetet. Jag hittade l\u00e4tt angel\u00e4gna fr\u00e5gor och problem att arbeta med och m\u00f6jliga praktikuppgifter och kontakter. Det som ibland satte k\u00e4ppar i hjulet var logistiken och tajmingen \u2013 kurserna d\u00e4r detta skulle matas in hade sina f\u00e4rdigplanerade uppl\u00e4gg och uppgifter och det var sv\u00e5rt att matcha de ofta pl\u00f6tsliga m\u00f6jligheter som d\u00f6k upp med studenternas arbetsprocesser. \u00c5 andra sidan gav det mig viktiga h\u00f6gskolepedagogiska insikter om vad som kr\u00e4vs f\u00f6r att arbeta med samh\u00e4llsintegrerad undervisning. Det blev trots allt en del praktikplatser och nya uppgiftsformat, men p\u00e5 sikt ser jag att det kommer generera mer.<\/p>\n\n\n\n<p>Det jag inte hade v\u00e4ntat mig var n\u00e5got annat. Fores \u00e4r en liberal tankesmedja, visserligen med breda politiska samarbeten och som bevakar sitt frist\u00e5ende med stark integritet, men trots allt med en politisk v\u00e4rdegrund. Min forskning handlar om hur m\u00e4nniskor, b\u00e5de individer och kollektiv, resonerar om och hanterar att vi m\u00e5ste ge upp en del viktiga v\u00e4rden f\u00f6r att n\u00e5 klimatm\u00e5len. P\u00e5 m\u00e5nga s\u00e4tt krockar det med liberala v\u00e4rden som har att g\u00f6ra med frihet f\u00f6r individen. Exempelvis m\u00e5ste vi minska flygandet enligt IPCC-rapporterna. Det \u00e4r samtidigt n\u00e5got som \u00e4r starkt f\u00f6rknippat med frihet, utveckling, v\u00e4lst\u00e5nd, teknik, globalisering, internationalisering och en m\u00e4ngd andra v\u00e4rden som omhuldas av liberaler. P\u00e5 Fores m\u00f6tte jag insikter om att dessa sv\u00e5ra m\u00e5lkonflikter trots allt m\u00e5ste hanteras. Och s\u00e5 kom den f\u00f6rv\u00e5nande fr\u00e5gan \u2013 kan du och din forskningskollega (Nina Wormbs p\u00e5 KTH) g\u00f6ra en bok av den rapport ni h\u00e5ller p\u00e5 med \u2013 att delas ut till EU-parlamentarikerna? European Liberal Forum skulle finansiera det hela. Vi tvekade, men n\u00e4r vi blev lovade full vetenskaplig integritet s\u00e5g vi det som en intressant m\u00f6jlighet att n\u00e5 personer som p\u00e5 ett ovanligt direkt s\u00e4tt kan dra nytta av forskningen. Jag t\u00e4nkte ocks\u00e5 att det skulle bli intressant att sj\u00e4lv p\u00e5 ett r\u00e4tt l\u00e5ngtg\u00e5ende vis prova samverkansformer som kunde ge relevanta erfarenheter f\u00f6r mina egna h\u00f6gskolepedagogiska kurser. Och s\u00e5 blev det ocks\u00e5. Det d\u00f6k upp en m\u00e4ngd fr\u00e5gor och incidenter som givit mig v\u00e4rdefulla insikter.  <\/p>\n\n\n\n<p>Boken v\u00e4ckte intresse och ledde till m\u00e5nga artiklar och medieinslag, men redan innan den kom innebar vistelsen p\u00e5 Fores en ny plattform f\u00f6r kontakter och samtal. Jag passade ocks\u00e5 p\u00e5 att delta i debatten med perspektiv fr\u00e5n min forskning b\u00e5de i medier och i olika nya forum s\u00e5 som myndigheter, politiska utskott, beredningar och konferenser. Man kan s\u00e4ga att jag f\u00e5tt tillf\u00e4lle att verka med min forskning i sammanhang d\u00e4r den kan anv\u00e4ndas p\u00e5 olika konkreta vis. Det ger en stark k\u00e4nsla av meningsfullhet. Samtidigt uts\u00e4tter jag mina tankar f\u00f6r input av olika slag och f\u00f6r pr\u00f6vning \u2013 verklighetens ibland skoningsl\u00f6sa friktion, b\u00e5de i form av ignorans och motst\u00e5nd. Det har varit oerh\u00f6rt intressant. Och nu forts\u00e4tter \u00e4ventyret. <\/p>\n","protected":false},"excerpt":{"rendered":"<p>Maria Wolrath S\u00f6derberg ber\u00e4ttar om sitt PAUS-projekt p\u00e5 Fores klimatprogram F\u00f6rfattare: Maria Wolrath S\u00f6derberg, Fil.dr lektor i retorik, institutionen f\u00f6r kultur och l\u00e4rande, S\u00f6dert\u00f6rns h\u00f6gskola Boken Grounded \u2013 Beyond Flygskam lanserades i b\u00f6rjan av december. Det \u00e4r en forskningsrapport (finansierad av Riksbankens jubileumsfond) som unders\u00f6ker hur m\u00e4nniskor resonerar som faktiskt \u00e4ndrar beteende f\u00f6r klimatets skull [&hellip;]<\/p>\n","protected":false},"author":2,"featured_media":0,"comment_status":"closed","ping_status":"closed","sticky":false,"template":"","format":"standard","meta":[],"categories":[1],"tags":[],"_links":{"self":[{"href":"https:\/\/blogg.sh.se\/paus\/wp-json\/wp\/v2\/posts\/171"}],"collection":[{"href":"https:\/\/blogg.sh.se\/paus\/wp-json\/wp\/v2\/posts"}],"about":[{"href":"https:\/\/blogg.sh.se\/paus\/wp-json\/wp\/v2\/types\/post"}],"author":[{"embeddable":true,"href":"https:\/\/blogg.sh.se\/paus\/wp-json\/wp\/v2\/users\/2"}],"replies":[{"embeddable":true,"href":"https:\/\/blogg.sh.se\/paus\/wp-json\/wp\/v2\/comments?post=171"}],"version-history":[{"count":2,"href":"https:\/\/blogg.sh.se\/paus\/wp-json\/wp\/v2\/posts\/171\/revisions"}],"predecessor-version":[{"id":174,"href":"https:\/\/blogg.sh.se\/paus\/wp-json\/wp\/v2\/posts\/171\/revisions\/174"}],"wp:attachment":[{"href":"https:\/\/blogg.sh.se\/paus\/wp-json\/wp\/v2\/media?parent=171"}],"wp:term":[{"taxonomy":"category","embeddable":true,"href":"https:\/\/blogg.sh.se\/paus\/wp-json\/wp\/v2\/categories?post=171"},{"taxonomy":"post_tag","embeddable":true,"href":"https:\/\/blogg.sh.se\/paus\/wp-json\/wp\/v2\/tags?post=171"}],"curies":[{"name":"wp","href":"https:\/\/api.w.org\/{rel}","templated":true}]}}