{"id":142,"date":"2019-11-05T12:10:32","date_gmt":"2019-11-05T12:10:32","guid":{"rendered":"http:\/\/blogg.sh.se\/paus\/?p=142"},"modified":"2019-11-05T12:10:32","modified_gmt":"2019-11-05T12:10:32","slug":"forsta-skoldag-pa-ekonomistyrningsverket","status":"publish","type":"post","link":"https:\/\/blogg.sh.se\/paus\/kategorier\/forsta-skoldag-pa-ekonomistyrningsverket\/","title":{"rendered":"&#8221;F\u00f6rsta skoldag&#8221; p\u00e5 Ekonomistyrningsverket"},"content":{"rendered":"\n<p>F\u00f6rfattare: Therese Reitan, docent och lektor i offentlig f\u00f6rvaltning, <br>S\u00f6dert\u00f6rns h\u00f6gskola<\/p>\n\n\n\n<p>N\u00e4r planeringen av min PAUS-vistelse b\u00f6rjade tidigt p\u00e5 \u00e5ret k\u00e4ndes h\u00f6stterminen och september v\u00e4ldigt l\u00e5ngt borta. I dag, m\u00e5ndagen den 2 september, var det emellertid dags f\u00f6r \u201df\u00f6rsta skoldag\u201d p\u00e5 Ekonomistyrningsverket (ESV). Lite tjuvstart hade jag dock hunnit med, eftersom jag bj\u00f6ds med p\u00e5 en workshop kring en s\u00e5 kallad systemanalys av precisionsmedicin redan i v\u00e5ras. Mer om detta nedan. <\/p>\n\n\n\n<p>Hela id\u00e9en om ett PAUS-utbyte uppstod d\u00e5 jag var p\u00e5 ESV med mastersstudenterna i Offentlig organisation och ledning f\u00f6rra l\u00e4s\u00e5ret med n\u00e5got p\u00e5f\u00f6ljande m\u00f6te f\u00f6r att diskutera detta, s\u00e5 det k\u00e4ndes \u00e4nd\u00e5 lite v\u00e4lbekant att kliva in p\u00e5 ESVs kontor l\u00e4ngst uppe p\u00e5 Drottninggatan, n\u00e4ra Observatorielunden \u2013 och granne med August Strindberg. Mer om detta sedan.<\/p>\n\n\n\n<ul class=\"wp-container-2 wp-block-gallery-1 wp-block-gallery columns-1 is-cropped\"><li class=\"blocks-gallery-item\"><figure><img loading=\"lazy\" width=\"768\" height=\"1024\" src=\"http:\/\/blogg.sh.se\/paus\/wp-content\/uploads\/2019\/11\/20190902_083419-Therese-Reitan-2-768x1024.jpg\" alt=\"\" data-id=\"144\" data-link=\"http:\/\/blogg.sh.se\/paus\/?attachment_id=144\" class=\"wp-image-144\" srcset=\"https:\/\/blogg.sh.se\/paus\/wp-content\/uploads\/2019\/11\/20190902_083419-Therese-Reitan-2-768x1024.jpg 768w, https:\/\/blogg.sh.se\/paus\/wp-content\/uploads\/2019\/11\/20190902_083419-Therese-Reitan-2-225x300.jpg 225w, https:\/\/blogg.sh.se\/paus\/wp-content\/uploads\/2019\/11\/20190902_083419-Therese-Reitan-2-580x773.jpg 580w\" sizes=\"(max-width: 768px) 100vw, 768px\" \/><\/figure><\/li><\/ul>\n\n\n\n<p>Ekonomistyrningsverket \u00e4r en statlig myndighet under Finansdepartementet. K\u00e4rnuppdraget \u00e4r att g\u00f6ra analyser och prognoser f\u00f6r statens ekonomi samt att utveckla den ekonomiska styrningen. P\u00e5 ESV finns ocks\u00e5 en avdelning som arbetar med revision av hur EU-medlen anv\u00e4nds i Sverige. Om man utg\u00e5r fr\u00e5n att den offentliga f\u00f6rvaltningen har att balansera demokrati, r\u00e4ttss\u00e4kerhet och effektivitet s\u00e5 st\u00e5r ESV i f\u00f6rsta hand f\u00f6r effektivitetsv\u00e4rdet \u2013 genom att \u201dutveckla och f\u00f6rvalta en effektiv ekonomisk styrning av statlig verksamhet, bidra till att de budgetpolitiska m\u00e5len uppfylls samt bidra till en korrekt hantering av Sveriges EU-medel\u201d. Enligt hemsidan (www.esv.se) \u00e4r ESVs vision \u201dEtt rikare Sverige\u201d.  Myndigheten har ca 150 medarbetare och best\u00e5r av fyra avdelningar. \u201dMin\u201d enhet \u2013 Statlig styrning \u2013 har ungef\u00e4r 10 medarbetare och ing\u00e5r i avdelningen Styrning, redovisning och finansiering. <\/p>\n\n\n\n<p>P\u00e5 morgonen m\u00f6ttes jag av min \u201dmentor\u201d, som tidigare varit anst\u00e4llt p\u00e5 S\u00f6dert\u00f6rns h\u00f6gskola och ansvarig f\u00f6r mastersprogrammet i Offentlig organisation och styrning. Vi har haft en del kontakt innan och har m\u00e5nga gemensamma referenser, s\u00e5 det k\u00e4ndes lite hemtamt \u00e4nd\u00e5 p\u00e5 n\u00e5got s\u00e4tt att kliva in i lokalerna. <\/p>\n\n\n\n<p>Medarbetarna sitter i \u00f6ppet landskap \u2013 \u00e4ven cheferna. F\u00f6r tillf\u00e4llet har de fasta platser men under h\u00f6sten kommer ytan att minskas, vilket inneb\u00e4r att alla f\u00e5r ta den plats som r\u00e5kar vara ledig. Jag har sj\u00e4lv provat att sitta i \u00f6ppet landskap en period d\u00e5 jag arbetade p\u00e5 Kulturr\u00e5det och r\u00e5det flyttade fr\u00e5n charmiga men opraktiska lokaler p\u00e5 Skeppsholmen till Filmhuset p\u00e5 G\u00e4rdet. Min erfarenhet fr\u00e5n den tiden \u00e4r ganska positiv, men det handlar mycket om hur lokalerna \u00e4r utformade och att det \u00e4r bra tillg\u00e5ng till m\u00f6tesrum osv. Som ny g\u00e4ller det ocks\u00e5 att vara extra uppm\u00e4rksam p\u00e5 kulturen i rummet; hur h\u00f6gt och mycket pratar folk? Hur r\u00f6r de sig mellan skrivborden? Hur m\u00e5nga kaffemuggar har man p\u00e5 sitt skrivbord? Tar de telefonsamtal vid datorn? <\/p>\n\n\n\n<p>Efter att det viktigaste hade avklarats \u2013 kaffeautomaten och pentryt \u2013 var det dags f\u00f6r enhetens fasta m\u00e5ndagsm\u00f6te. Alla samlades i ett mindre rum, st\u00e5ende framf\u00f6r en whiteboard-tavla med medarbetarnas initialer och veckans m\u00f6ten och aktiviteter (de viktigaste). Det slog mig att st\u00e5ende m\u00f6ten har sina f\u00f6rdelar \u2013 det blir inte l\u00e5ngrandigt! Det blev verkligen en kort avst\u00e4mning och informationsutbyte.<\/p>\n\n\n\n<p>Resten av dagen bestod av att ordna med praktiska saker och m\u00f6ten med min n\u00e4rmste \u201dchef\u201d och den kollega som jag kommer arbeta mest med. Om man ska d\u00f6ma en arbetsplats efter hur de tar emot nya medarbetare m\u00e5ste jag ge ESV typ h\u00f6gsta betyg. Det var n\u00e4stan omv\u00e4lvande hur v\u00e4lordnat allt var. Dator, passerkort, inloggning \u2013 och mobil (!) fanns p\u00e5 plats, och jag fick hj\u00e4lp fr\u00e5n v\u00e4rldens trevligaste helpdesk-person att fixa till allt. P\u00e5 skrivbordet fanns tv\u00e5 stora sk\u00e4rmar och utsikten mot R\u00e5dmansgatan g\u00e5r inte av f\u00f6r hackor..:<\/p>\n\n\n\n<figure class=\"wp-block-image\"><img loading=\"lazy\" width=\"768\" height=\"1024\" src=\"http:\/\/blogg.sh.se\/paus\/wp-content\/uploads\/2019\/11\/20190902_122649-Therese-Reitan-4-768x1024.jpg\" alt=\"\" class=\"wp-image-149\" srcset=\"https:\/\/blogg.sh.se\/paus\/wp-content\/uploads\/2019\/11\/20190902_122649-Therese-Reitan-4-768x1024.jpg 768w, https:\/\/blogg.sh.se\/paus\/wp-content\/uploads\/2019\/11\/20190902_122649-Therese-Reitan-4-225x300.jpg 225w, https:\/\/blogg.sh.se\/paus\/wp-content\/uploads\/2019\/11\/20190902_122649-Therese-Reitan-4-580x773.jpg 580w\" sizes=\"(max-width: 768px) 100vw, 768px\" \/><\/figure>\n\n\n\n<p>Vad ska jag g\u00f6ra p\u00e5 ESV d\u00e5? F\u00f6rutom att fika och vandra runt i korridorerna? Temat f\u00f6r vistelsen \u00e4r allts\u00e5 statlig styrning, och ESV ska allts\u00e5 bidra till att utveckla den statliga styrningen. H\u00e4r har \u201dmin\u201d enhet b\u00f6rjat arbeta med en ny modell som de kallar systemanalys. I korthet g\u00e5r det ut p\u00e5 att bredda perspektivet s\u00e5 att flera akt\u00f6rer p\u00e5 ett politikomr\u00e5de tas med i analyserna, att inte enbart ekonomiska styrmedel beaktas och att man i st\u00f6rre grad utg\u00e5r fr\u00e5n medborgarnas och f\u00f6retagens perspektiv \u2013 hur landar styrningen egentligen och vilka hinder finns p\u00e5 v\u00e4gen som kan hindra att man uppn\u00e5r de m\u00e5l man faktiskt vill uppn\u00e5. I ett f\u00f6rsta skede har man testat denna modellen p\u00e5 f\u00e4ltet precisionsmedicin, vilket var ett nytt begrepp f\u00f6r mig. Men det handlar egentligen bara om att medicinska behandlingar i st\u00f6rre grad ska individualiseras utifr\u00e5n den enskilde individens behov och \u00f6nskem\u00e5l, dvs mer skr\u00e4ddarsydda interventioner. I n\u00e4sta steg ska detta testas p\u00e5 andra politikomr\u00e5den och h\u00e4r hoppas ESV inleda ett samarbete med Statskontoret \u2013 som kan s\u00e4gas vara en systermyndighet till ESV.  D\u00e4rut\u00f6ver kommer jag involveras i att skriva n\u00e5got remissvar, jag fick vara med p\u00e5 ett m\u00f6te med SCB om m\u00f6jligheter att utbyta och tillg\u00e4ngligg\u00f6ra data, och kommer att f\u00f6rs\u00f6ka vara med lite h\u00e4r och var \u2013 f\u00f6r att f\u00e5 b\u00e4ttre grepp om vad ekonomistyrning \u2013 och styrning \u00f6verhuvudtaget \u2013 egentlig \u00e4r.  <\/p>\n\n\n\n<p>Efter att ha l\u00e5st in min laptop i f\u00f6r detta \u00e4ndam\u00e5l avsedda sk\u00e5p, vandrade jag sedan genom korridorerna och fick samtidigt en liten litteraturhistorisk lektion. P\u00e5 ESV har man givetvis d\u00f6pt m\u00f6tesrummen efter grannens olika alster. Jag passerar R\u00f6da rummet och t\u00e4nker att \u2013 det d\u00e4r vore en rolig bok att skriva; hur myndigheter namnger sina m\u00f6tesrum. En tjock bok med massa bilder som kommer k\u00f6pas av varenda statsanst\u00e4lld, dvs en upplaga om ca 260 000.<\/p>\n\n\n\n<figure class=\"wp-block-image\"><img loading=\"lazy\" width=\"768\" height=\"1024\" src=\"http:\/\/blogg.sh.se\/paus\/wp-content\/uploads\/2019\/11\/20190902_164419-Therese-Reitan-2-768x1024.jpg\" alt=\"\" class=\"wp-image-152\" srcset=\"https:\/\/blogg.sh.se\/paus\/wp-content\/uploads\/2019\/11\/20190902_164419-Therese-Reitan-2-768x1024.jpg 768w, https:\/\/blogg.sh.se\/paus\/wp-content\/uploads\/2019\/11\/20190902_164419-Therese-Reitan-2-225x300.jpg 225w, https:\/\/blogg.sh.se\/paus\/wp-content\/uploads\/2019\/11\/20190902_164419-Therese-Reitan-2-580x773.jpg 580w\" sizes=\"(max-width: 768px) 100vw, 768px\" \/><\/figure>\n","protected":false},"excerpt":{"rendered":"<p>F\u00f6rfattare: Therese Reitan, docent och lektor i offentlig f\u00f6rvaltning, S\u00f6dert\u00f6rns h\u00f6gskola N\u00e4r planeringen av min PAUS-vistelse b\u00f6rjade tidigt p\u00e5 \u00e5ret k\u00e4ndes h\u00f6stterminen och september v\u00e4ldigt l\u00e5ngt borta. I dag, m\u00e5ndagen den 2 september, var det emellertid dags f\u00f6r \u201df\u00f6rsta skoldag\u201d p\u00e5 Ekonomistyrningsverket (ESV). Lite tjuvstart hade jag dock hunnit med, eftersom jag bj\u00f6ds med p\u00e5 [&hellip;]<\/p>\n","protected":false},"author":2,"featured_media":0,"comment_status":"closed","ping_status":"closed","sticky":false,"template":"","format":"standard","meta":[],"categories":[1],"tags":[],"_links":{"self":[{"href":"https:\/\/blogg.sh.se\/paus\/wp-json\/wp\/v2\/posts\/142"}],"collection":[{"href":"https:\/\/blogg.sh.se\/paus\/wp-json\/wp\/v2\/posts"}],"about":[{"href":"https:\/\/blogg.sh.se\/paus\/wp-json\/wp\/v2\/types\/post"}],"author":[{"embeddable":true,"href":"https:\/\/blogg.sh.se\/paus\/wp-json\/wp\/v2\/users\/2"}],"replies":[{"embeddable":true,"href":"https:\/\/blogg.sh.se\/paus\/wp-json\/wp\/v2\/comments?post=142"}],"version-history":[{"count":1,"href":"https:\/\/blogg.sh.se\/paus\/wp-json\/wp\/v2\/posts\/142\/revisions"}],"predecessor-version":[{"id":153,"href":"https:\/\/blogg.sh.se\/paus\/wp-json\/wp\/v2\/posts\/142\/revisions\/153"}],"wp:attachment":[{"href":"https:\/\/blogg.sh.se\/paus\/wp-json\/wp\/v2\/media?parent=142"}],"wp:term":[{"taxonomy":"category","embeddable":true,"href":"https:\/\/blogg.sh.se\/paus\/wp-json\/wp\/v2\/categories?post=142"},{"taxonomy":"post_tag","embeddable":true,"href":"https:\/\/blogg.sh.se\/paus\/wp-json\/wp\/v2\/tags?post=142"}],"curies":[{"name":"wp","href":"https:\/\/api.w.org\/{rel}","templated":true}]}}