{"id":66,"date":"2020-11-01T19:39:03","date_gmt":"2020-11-01T19:39:03","guid":{"rendered":"https:\/\/blogg.sh.se\/medietillit\/?p=66"},"modified":"2021-09-15T06:57:35","modified_gmt":"2021-09-15T06:57:35","slug":"medierapportering","status":"publish","type":"post","link":"https:\/\/blogg.sh.se\/medietillit\/uncategorized\/medierapportering\/","title":{"rendered":"Rapportering"},"content":{"rendered":"\n<p><a href=\"https:\/\/www.svd.se\/tegnells-mal-alla-som-kan-ska-vara-vaccinerade\" data-type=\"URL\" data-id=\"https:\/\/www.svd.se\/tegnells-mal-alla-som-kan-ska-vara-vaccinerade\">Tegnell: Alla som kan ska vara vaccinerade<\/a>, Svenska dagbladet 10 september 2021<\/p>\n\n\n\n<p><a href=\"https:\/\/www.pressreader.com\/sweden\/soderortdirekt-liljeholmen-alvsjo\/20210828\/282333978000152\" data-type=\"URL\" data-id=\"https:\/\/www.pressreader.com\/sweden\/soderortdirekt-liljeholmen-alvsjo\/20210828\/282333978000152\" target=\"_blank\" rel=\"noreferrer noopener\">I Botkyrka kavlar f\u00e4rre unga upp<\/a>, Mitt i S\u00f6derort, Liljeholmen, \u00c4lvsj\u00f6 28 augusti 2021 <\/p>\n\n\n\n<p><a href=\"https:\/\/www.dn.se\/insidan\/varfor-ar-en-del-manniskor-radda-for-vaccin\/\">Varf\u00f6r \u00e4r en del m\u00e4nniskor r\u00e4dda f\u00f6r vaccin?<\/a>, Dagens nyheter 25 januari 2021<\/p>\n\n\n\n<p><a href=\"https:\/\/www.dn.se\/kultur\/behovs-det-kandisar-for-att-fa-svenskarna-att-ta-vaccin\/\" target=\"_blank\" rel=\"noreferrer noopener\">Beh\u00f6vs det k\u00e4ndisar f\u00f6r att f\u00e5 svenskarna att ta vaccin?<\/a>, Dagens nyheter, 7 december 2020<\/p>\n\n\n\n<p><a rel=\"noreferrer noopener\" href=\"https:\/\/www.svd.se\/tva-av-fem-svenskar-tveksamma-till-vaccin\" target=\"_blank\">Svenskar mer tveksamma \u00e4n andra europ\u00e9er,<\/a> Svenska dagbladet, 7 december 2020<\/p>\n\n\n\n<p><a href=\"https:\/\/www.jnytt.se\/logga-in\/ny-studie-visar-personer-som-litar-pa-sociala-medier-tvekar-att-vaccinera-sig-mot-covid-19\">Ny studie visar: Personer som litar p\u00e5 sociala medier tvekar att vaccinera sig mot covid-19<\/a>, J\u00f6nk\u00f6ping nytt, 3 november 2020<\/p>\n\n\n\n<p><a rel=\"noreferrer noopener\" href=\"https:\/\/sverigesradio.se\/sida\/artikel.aspx?programid=83&amp;artikel=7589042&amp;fbclid=IwAR2RU9UG1-TtzBMh7qVJGM5GKPcd9_HC8TmSFs74WzbWe_pHUuvatyYYhC0\" target=\"_blank\">Vaccinationsviljan minskar &#8211; r\u00e4dsla f\u00f6r biverkningar<\/a>, P1 Ekot, 1 November 2020<\/p>\n\n\n\n<p><a rel=\"noreferrer noopener\" href=\"https:\/\/sverigesradio.se\/artikel\/7576538\" target=\"_blank\">Vaccination \u00e4r en fr\u00e5ga om tillit<\/a>, P4 V\u00e4sternorrland, 20 oktober 2020<\/p>\n","protected":false},"excerpt":{"rendered":"<p>Tegnell: Alla som kan ska vara vaccinerade, Svenska dagbladet 10 september 2021 I Botkyrka kavlar f\u00e4rre unga upp, Mitt i S\u00f6derort, Liljeholmen, \u00c4lvsj\u00f6 28 augusti 2021 Varf\u00f6r \u00e4r en del m\u00e4nniskor r\u00e4dda f\u00f6r vaccin?, Dagens nyheter 25 januari 2021 Beh\u00f6vs det k\u00e4ndisar f\u00f6r att f\u00e5 svenskarna att ta vaccin?, Dagens nyheter, 7 december 2020 Svenskar [&hellip;]<\/p>\n","protected":false},"author":2,"featured_media":0,"comment_status":"closed","ping_status":"open","sticky":false,"template":"","format":"standard","meta":[],"categories":[1],"tags":[],"_links":{"self":[{"href":"https:\/\/blogg.sh.se\/medietillit\/wp-json\/wp\/v2\/posts\/66"}],"collection":[{"href":"https:\/\/blogg.sh.se\/medietillit\/wp-json\/wp\/v2\/posts"}],"about":[{"href":"https:\/\/blogg.sh.se\/medietillit\/wp-json\/wp\/v2\/types\/post"}],"author":[{"embeddable":true,"href":"https:\/\/blogg.sh.se\/medietillit\/wp-json\/wp\/v2\/users\/2"}],"replies":[{"embeddable":true,"href":"https:\/\/blogg.sh.se\/medietillit\/wp-json\/wp\/v2\/comments?post=66"}],"version-history":[{"count":8,"href":"https:\/\/blogg.sh.se\/medietillit\/wp-json\/wp\/v2\/posts\/66\/revisions"}],"predecessor-version":[{"id":88,"href":"https:\/\/blogg.sh.se\/medietillit\/wp-json\/wp\/v2\/posts\/66\/revisions\/88"}],"wp:attachment":[{"href":"https:\/\/blogg.sh.se\/medietillit\/wp-json\/wp\/v2\/media?parent=66"}],"wp:term":[{"taxonomy":"category","embeddable":true,"href":"https:\/\/blogg.sh.se\/medietillit\/wp-json\/wp\/v2\/categories?post=66"},{"taxonomy":"post_tag","embeddable":true,"href":"https:\/\/blogg.sh.se\/medietillit\/wp-json\/wp\/v2\/tags?post=66"}],"curies":[{"name":"wp","href":"https:\/\/api.w.org\/{rel}","templated":true}]}}