{"id":711,"date":"2021-05-18T06:50:31","date_gmt":"2021-05-18T06:50:31","guid":{"rendered":"http:\/\/blogg.sh.se\/forvaltningsakademin\/?p=711"},"modified":"2021-05-18T06:52:38","modified_gmt":"2021-05-18T06:52:38","slug":"digitaliseringen-och-arbetsmiljon","status":"publish","type":"post","link":"https:\/\/blogg.sh.se\/forvaltningsakademin\/bok\/digitaliseringen-och-arbetsmiljon\/","title":{"rendered":"Digitaliseringen och arbetsmilj\u00f6n"},"content":{"rendered":"\n<h3 class=\"wp-block-heading\"><br>Lantz, Ann<\/h3>\n\n\n\n<p>KTH, Skolan f\u00f6r elektroteknik och datavetenskap (EECS), Medieteknik och interaktionsdesign, <\/p>\n\n\n\n<h3 class=\"wp-block-heading\">Gulliksen, Jan<\/h3>\n\n\n\n<p>KTH, Skolan f\u00f6r elektroteknik och datavetenskap (EECS), Medieteknik och interaktionsdesign, MID.<\/p>\n\n\n\n<h3 class=\"wp-block-heading\">Walldius, \u00c5ke<\/h3>\n\n\n\n<p>KTH, Skolan f\u00f6r elektroteknik och datavetenskap (EECS), Medieteknik och interaktionsdesign, MID.<\/p>\n\n\n\n<h3 class=\"wp-block-heading\">Sandblad, Bengt<\/h3>\n\n\n\n<p>IT Uppsala universitet.<\/p>\n\n\n\n<p>Lund: Studentlitteratur AB, 2018, 1:1. , s. 283<\/p>\n","protected":false},"excerpt":{"rendered":"<p>Lantz, Ann KTH, Skolan f\u00f6r elektroteknik och datavetenskap (EECS), Medieteknik och interaktionsdesign, Gulliksen, Jan KTH, Skolan f\u00f6r elektroteknik och datavetenskap (EECS), Medieteknik och interaktionsdesign, MID. Walldius, \u00c5ke KTH, Skolan f\u00f6r elektroteknik och datavetenskap (EECS), Medieteknik och interaktionsdesign, MID. Sandblad, Bengt IT Uppsala universitet. Lund: Studentlitteratur AB, 2018, 1:1. , s. 283<\/p>\n","protected":false},"author":14,"featured_media":0,"comment_status":"closed","ping_status":"open","sticky":false,"template":"","format":"standard","meta":{"footnotes":""},"categories":[7],"tags":[63],"_links":{"self":[{"href":"https:\/\/blogg.sh.se\/forvaltningsakademin\/wp-json\/wp\/v2\/posts\/711"}],"collection":[{"href":"https:\/\/blogg.sh.se\/forvaltningsakademin\/wp-json\/wp\/v2\/posts"}],"about":[{"href":"https:\/\/blogg.sh.se\/forvaltningsakademin\/wp-json\/wp\/v2\/types\/post"}],"author":[{"embeddable":true,"href":"https:\/\/blogg.sh.se\/forvaltningsakademin\/wp-json\/wp\/v2\/users\/14"}],"replies":[{"embeddable":true,"href":"https:\/\/blogg.sh.se\/forvaltningsakademin\/wp-json\/wp\/v2\/comments?post=711"}],"version-history":[{"count":2,"href":"https:\/\/blogg.sh.se\/forvaltningsakademin\/wp-json\/wp\/v2\/posts\/711\/revisions"}],"predecessor-version":[{"id":725,"href":"https:\/\/blogg.sh.se\/forvaltningsakademin\/wp-json\/wp\/v2\/posts\/711\/revisions\/725"}],"wp:attachment":[{"href":"https:\/\/blogg.sh.se\/forvaltningsakademin\/wp-json\/wp\/v2\/media?parent=711"}],"wp:term":[{"taxonomy":"category","embeddable":true,"href":"https:\/\/blogg.sh.se\/forvaltningsakademin\/wp-json\/wp\/v2\/categories?post=711"},{"taxonomy":"post_tag","embeddable":true,"href":"https:\/\/blogg.sh.se\/forvaltningsakademin\/wp-json\/wp\/v2\/tags?post=711"}],"curies":[{"name":"wp","href":"https:\/\/api.w.org\/{rel}","templated":true}]}}