{"id":672,"date":"2021-03-08T09:44:13","date_gmt":"2021-03-08T09:44:13","guid":{"rendered":"http:\/\/blogg.sh.se\/forvaltningsakademin\/?p=672"},"modified":"2021-04-12T08:08:59","modified_gmt":"2021-04-12T08:08:59","slug":"digitalisering-och-styrning","status":"publish","type":"post","link":"https:\/\/blogg.sh.se\/forvaltningsakademin\/bok\/digitalisering-och-styrning\/","title":{"rendered":"Digitalisering och styrning"},"content":{"rendered":"\n<h3 class=\"wp-block-heading\"><br>Iveroth, Einar<\/h3>\n\n\n\n<p>Uppsala universitet, Humanistisk-samh\u00e4llsvetenskapliga vetenskapsomr\u00e5det, Samh\u00e4llsvetenskapliga fakulteten, F\u00f6retagsekonomiska institutionen.<\/p>\n\n\n\n<h3 class=\"wp-block-heading\">Lindvall, Jan<\/h3>\n\n\n\n<p>Uppsala universitet, Humanistisk-samh\u00e4llsvetenskapliga vetenskapsomr\u00e5det, Samh\u00e4llsvetenskapliga fakulteten, F\u00f6retagsekonomiska institutionen.<\/p>\n\n\n\n<h3 class=\"wp-block-heading\">Johan, Magnusson<\/h3>\n\n\n\n<p>G\u00f6teborgs universitet.<\/p>\n\n\n\n<h5 class=\"wp-block-heading\">Abstract [sv]<\/h5>\n\n\n\n<p>Digital teknik f\u00f6r\u00e4ndrar i dag f\u00f6ruts\u00e4ttningarna f\u00f6r de flesta verksamheter.&nbsp;Det finns d\u00e4rf\u00f6r ett omfattande utvecklingsbehov p\u00e5 samh\u00e4lls-,&nbsp;organisations-&nbsp;och individniv\u00e5.&nbsp;Denna bok ger b\u00e5de djup och bredd till de digitaliserings-&nbsp;och styrningsfr\u00e5gor som ber\u00f6r dagens organisationer.&nbsp;Boken tar upp hur digitalisering p\u00e5verkar s\u00e5v\u00e4l strategi som struktur och system,&nbsp;samt ger ett historiskt perspektiv p\u00e5 hur teknikutveckling p\u00e5verkar dagens arbete.&nbsp;Avslutningsvis visar f\u00f6rfattarna hur digitalisering p\u00e5verkar styrningen kopplat till specifika omr\u00e5den,&nbsp;s\u00e5som plattformar,priss\u00e4ttning,&nbsp;HRM och sociala medier.<\/p>\n\n\n\n<h5 class=\"wp-block-heading\">Ort, f\u00f6rlag, \u00e5r, upplaga, sidor<\/h5>\n\n\n\n<p>Lund: Studentlitteratur AB, 2018, 1. , s. 424<\/p>\n","protected":false},"excerpt":{"rendered":"<p>Iveroth, Einar Uppsala universitet, Humanistisk-samh\u00e4llsvetenskapliga vetenskapsomr\u00e5det, Samh\u00e4llsvetenskapliga fakulteten, F\u00f6retagsekonomiska institutionen. Lindvall, Jan Uppsala universitet, Humanistisk-samh\u00e4llsvetenskapliga vetenskapsomr\u00e5det, Samh\u00e4llsvetenskapliga fakulteten, F\u00f6retagsekonomiska institutionen. Johan, Magnusson G\u00f6teborgs universitet. Abstract [sv] Digital teknik f\u00f6r\u00e4ndrar i dag f\u00f6ruts\u00e4ttningarna f\u00f6r de flesta verksamheter.&nbsp;Det finns d\u00e4rf\u00f6r ett omfattande utvecklingsbehov p\u00e5 samh\u00e4lls-,&nbsp;organisations-&nbsp;och individniv\u00e5.&nbsp;Denna bok ger b\u00e5de djup och bredd till de digitaliserings-&nbsp;och styrningsfr\u00e5gor som [&hellip;]<\/p>\n","protected":false},"author":14,"featured_media":0,"comment_status":"closed","ping_status":"open","sticky":false,"template":"","format":"standard","meta":{"footnotes":""},"categories":[7],"tags":[63],"_links":{"self":[{"href":"https:\/\/blogg.sh.se\/forvaltningsakademin\/wp-json\/wp\/v2\/posts\/672"}],"collection":[{"href":"https:\/\/blogg.sh.se\/forvaltningsakademin\/wp-json\/wp\/v2\/posts"}],"about":[{"href":"https:\/\/blogg.sh.se\/forvaltningsakademin\/wp-json\/wp\/v2\/types\/post"}],"author":[{"embeddable":true,"href":"https:\/\/blogg.sh.se\/forvaltningsakademin\/wp-json\/wp\/v2\/users\/14"}],"replies":[{"embeddable":true,"href":"https:\/\/blogg.sh.se\/forvaltningsakademin\/wp-json\/wp\/v2\/comments?post=672"}],"version-history":[{"count":2,"href":"https:\/\/blogg.sh.se\/forvaltningsakademin\/wp-json\/wp\/v2\/posts\/672\/revisions"}],"predecessor-version":[{"id":697,"href":"https:\/\/blogg.sh.se\/forvaltningsakademin\/wp-json\/wp\/v2\/posts\/672\/revisions\/697"}],"wp:attachment":[{"href":"https:\/\/blogg.sh.se\/forvaltningsakademin\/wp-json\/wp\/v2\/media?parent=672"}],"wp:term":[{"taxonomy":"category","embeddable":true,"href":"https:\/\/blogg.sh.se\/forvaltningsakademin\/wp-json\/wp\/v2\/categories?post=672"},{"taxonomy":"post_tag","embeddable":true,"href":"https:\/\/blogg.sh.se\/forvaltningsakademin\/wp-json\/wp\/v2\/tags?post=672"}],"curies":[{"name":"wp","href":"https:\/\/api.w.org\/{rel}","templated":true}]}}