{"id":639,"date":"2021-01-21T09:49:49","date_gmt":"2021-01-21T09:49:49","guid":{"rendered":"http:\/\/blogg.sh.se\/forvaltningsakademin\/?p=639"},"modified":"2021-01-25T09:30:38","modified_gmt":"2021-01-25T09:30:38","slug":"vetenskaplig-kunskap-och-bildning-for-samhallets-framtida-digitalisering-ett-nationellt-centrum-utredningsrapport-2018-11-05","status":"publish","type":"post","link":"https:\/\/blogg.sh.se\/forvaltningsakademin\/rapportserie\/vetenskaplig-kunskap-och-bildning-for-samhallets-framtida-digitalisering-ett-nationellt-centrum-utredningsrapport-2018-11-05\/","title":{"rendered":"Vetenskaplig kunskap och bildning f\u00f6r samh\u00e4llets framtida digitalisering: ett nationellt centrum: Utredningsrapport 2018-11-05"},"content":{"rendered":"\n<h3 class=\"wp-block-heading\">Melin, Ulf<\/h3>\n\n\n\n<p>Link\u00f6pings universitet, Institutionen f\u00f6r ekonomisk och industriell utveckling, Informatik. Link\u00f6pings universitet, Filosofiska fakulteten. <strong>Rapport (\u00d6vrigt vetenskapligt)<\/strong><\/p>\n\n\n\n<h5 class=\"wp-block-heading\">Abstract [sv]<\/h5>\n\n\n\n<p>Digitalisering inneh\u00e5ller en potential f\u00f6r fortsatt f\u00f6r\u00e4ndring i och av samh\u00e4llet. Samtidigt har digitalisering m\u00e5nga former och uttryck och det \u00e4r inte sj\u00e4lvklart att goda sidor realiseras. Utredningen, som bygger p\u00e5 studier av tidigare forskning, intervjuer och enk\u00e4ter, visar med tydlighet att det finns ett behov av vetenskaplig kunskap och bildning f\u00f6r att n\u00e5 en mera reflekterad praktik g\u00e4llande samh\u00e4llets digitalisering. Det framkommer ett antal glapp i m\u00f6tet mellan nuvarande digitaliseringsforskning och -praktik som g\u00f6r att den kunskap om digitalisering som genereras inom b\u00e5de forskningen och inom praktiken inte tillr\u00e4ckligt \u00f6msesidigt och aktivt tas tillvara. Med s\u00e5dana glapp riskerar vi att inte nyttja den potential som finns i digitalisering inom b\u00e5de privat och offentlig sektor; att inte tillr\u00e4ckligt l\u00e4ra av generell kunskap, sammanhang och heller inte av framg\u00e5ngsm\u00f6nster eller misstag i praktiken. F\u00f6r att framg\u00e5ngsrikt kunna adressera dessa glapp st\u00e4lls h\u00f6ga krav b\u00e5de p\u00e5 praktiken, p\u00e5 den vetenskapliga kunskapsgenereringen och p\u00e5 den bildning som finns idag och i framtiden. Digitalisering \u00e4r d\u00e4rmed b\u00e5de kunskapskr\u00e4vande och kunskapsdrivande. Att samla en f\u00f6rm\u00e5ga att kunna adressera dessa glapp \u00e4r centralt f\u00f6r att vi som nation skall kunna n\u00e5 de intentioner om att bli b\u00e4st p\u00e5 att nyttja digitaliseringens m\u00f6jligheter som allt oftare artikuleras. H\u00e4r kr\u00e4vs en medveten, l\u00e5ngsiktig och samlad satsning p\u00e5 forskning om digitalisering bortom enskilda \u00e4mnen och specifika till\u00e4mpningsomr\u00e5den. En m\u00e5ngdisciplin\u00e4r forskning med en samtidig \u00e4mnesm\u00e4ssig legitimitet har en viktig roll att spela f\u00f6r att bidra till en reflekterad digitaliseringspraktik. Relevant och vederh\u00e4ftig utbildning p\u00e5 grundl\u00e4ggande och p\u00e5 avancerad niv\u00e5, forskarutbildning samt fort- och vidareutbildning likas\u00e5. Sammantaget skall detta resultera i en hantering av digitalisering som en kvalificerad praktisk kunskap guidad av s\u00e5v\u00e4l nyttoorientering som av klassiska bildningsideal. Ett nationellt centrum f\u00f6r vetenskaplig kunskap och bildning om samh\u00e4llets digitalisering kan anta dessa utmaningar och st\u00e5 f\u00f6r en relevant, m\u00f6jligg\u00f6rande, men ocks\u00e5 kritisk, och rigor\u00f6s forskning f\u00f6r att ta sig an de \u201dstora fr\u00e5gorna\u201d. Ett s\u00e5dant centrum, organiserat med en mindre k\u00e4rna, och ett omfattande n\u00e4tverk av forskning och utbildning om digitalisering baserat i Sverige, kan ta en samordnande och tankeledande roll i arbetet. Centret kan vara den kunskapsgenerator och -resurs som kr\u00e4vs f\u00f6r att ta det svenska samh\u00e4llets digitalisering, och dess olika sektorer, till n\u00e4sta och n\u00f6dv\u00e4ndiga niv\u00e5 av framg\u00e5ng.<\/p>\n\n\n\n<h5 class=\"wp-block-heading\">Ort, f\u00f6rlag, \u00e5r, upplaga, sidor<\/h5>\n\n\n\n<p>Link\u00f6ping: Link\u00f6ping University Electronic Press, 2018. , s. 117<\/p>\n","protected":false},"excerpt":{"rendered":"<p>Melin, Ulf Link\u00f6pings universitet, Institutionen f\u00f6r ekonomisk och industriell utveckling, Informatik. Link\u00f6pings universitet, Filosofiska fakulteten. Rapport (\u00d6vrigt vetenskapligt) Abstract [sv] Digitalisering inneh\u00e5ller en potential f\u00f6r fortsatt f\u00f6r\u00e4ndring i och av samh\u00e4llet. Samtidigt har digitalisering m\u00e5nga former och uttryck och det \u00e4r inte sj\u00e4lvklart att goda sidor realiseras. Utredningen, som bygger p\u00e5 studier av tidigare forskning, [&hellip;]<\/p>\n","protected":false},"author":14,"featured_media":0,"comment_status":"closed","ping_status":"open","sticky":false,"template":"","format":"standard","meta":{"footnotes":""},"categories":[24],"tags":[63],"_links":{"self":[{"href":"https:\/\/blogg.sh.se\/forvaltningsakademin\/wp-json\/wp\/v2\/posts\/639"}],"collection":[{"href":"https:\/\/blogg.sh.se\/forvaltningsakademin\/wp-json\/wp\/v2\/posts"}],"about":[{"href":"https:\/\/blogg.sh.se\/forvaltningsakademin\/wp-json\/wp\/v2\/types\/post"}],"author":[{"embeddable":true,"href":"https:\/\/blogg.sh.se\/forvaltningsakademin\/wp-json\/wp\/v2\/users\/14"}],"replies":[{"embeddable":true,"href":"https:\/\/blogg.sh.se\/forvaltningsakademin\/wp-json\/wp\/v2\/comments?post=639"}],"version-history":[{"count":2,"href":"https:\/\/blogg.sh.se\/forvaltningsakademin\/wp-json\/wp\/v2\/posts\/639\/revisions"}],"predecessor-version":[{"id":644,"href":"https:\/\/blogg.sh.se\/forvaltningsakademin\/wp-json\/wp\/v2\/posts\/639\/revisions\/644"}],"wp:attachment":[{"href":"https:\/\/blogg.sh.se\/forvaltningsakademin\/wp-json\/wp\/v2\/media?parent=639"}],"wp:term":[{"taxonomy":"category","embeddable":true,"href":"https:\/\/blogg.sh.se\/forvaltningsakademin\/wp-json\/wp\/v2\/categories?post=639"},{"taxonomy":"post_tag","embeddable":true,"href":"https:\/\/blogg.sh.se\/forvaltningsakademin\/wp-json\/wp\/v2\/tags?post=639"}],"curies":[{"name":"wp","href":"https:\/\/api.w.org\/{rel}","templated":true}]}}