{"id":534,"date":"2020-06-03T07:57:00","date_gmt":"2020-06-03T07:57:00","guid":{"rendered":"http:\/\/blogg.sh.se\/forvaltningsakademin\/?p=534"},"modified":"2020-06-03T07:59:41","modified_gmt":"2020-06-03T07:59:41","slug":"searching-for-managerial-discretion-how-public-managers-engage-managerialism-as-a-rationalization-for-increased-latitude-of-action","status":"publish","type":"post","link":"https:\/\/blogg.sh.se\/forvaltningsakademin\/artikel\/searching-for-managerial-discretion-how-public-managers-engage-managerialism-as-a-rationalization-for-increased-latitude-of-action\/","title":{"rendered":"Searching for managerial discretion: How public managers engage managerialism as a rationalization for increased latitude of action"},"content":{"rendered":"\n<p>Artikel i vetenskaplig tidskrift,\u00a0<\/p>\n\n\n\n<p>F\u00f6rfattareTom\u00a0Karlsson\u00a0<strong>|F\u00f6rvaltningsh\u00f6gskolan<\/strong> Publikations\u00e5r2019Publicerad iPublic Management Review, 21 (3), 315-333<\/p>\n\n\n\n<p>Abstract<\/p>\n\n\n\n<p>This article focuses on the managerial discretion that public managers experience. More specifically, it discusses how managerialism is an embedded ideological stance that influences understandings of public sector governance. I argue that managers\u2019 perceptions of discretion are affected by these understandings. The analysis draws on empirical data from a longitudinal study, demonstrating how public managers engage discourses emanating from managerialism in order to rationalize increased discretion. The findings suggest that customer perspectives functions as a rationalizing factor for engaging public managers\u2019 transition towards increased discretion. As such, this article contributes to knowledge about managerial discretion as well as managerialism.<\/p>\n\n\n\n<p>L\u00e4nkar<\/p>\n\n\n\n<ul><li><a target=\"_blank\" href=\"https:\/\/www.tandfonline.com\/doi\/full\/10.1080\/14719037.2018.1473475\" rel=\"noreferrer noopener\">https:\/\/www.tandfonline.com\/doi\/full\/10.1080\/14719037.2018.1473475<\/a><\/li><\/ul>\n\n\n\n<p>ISSN1471-9037E-ISSN1471-9045<\/p>\n","protected":false},"excerpt":{"rendered":"<p>Artikel i vetenskaplig tidskrift,\u00a0 F\u00f6rfattareTom\u00a0Karlsson\u00a0|F\u00f6rvaltningsh\u00f6gskolan Publikations\u00e5r2019Publicerad iPublic Management Review, 21 (3), 315-333 Abstract This article focuses on the managerial discretion that public managers experience. More specifically, it discusses how managerialism is an embedded ideological stance that influences understandings of public sector governance. I argue that managers\u2019 perceptions of discretion are affected by these understandings. The [&hellip;]<\/p>\n","protected":false},"author":14,"featured_media":0,"comment_status":"closed","ping_status":"open","sticky":false,"template":"","format":"standard","meta":{"footnotes":""},"categories":[6],"tags":[62],"_links":{"self":[{"href":"https:\/\/blogg.sh.se\/forvaltningsakademin\/wp-json\/wp\/v2\/posts\/534"}],"collection":[{"href":"https:\/\/blogg.sh.se\/forvaltningsakademin\/wp-json\/wp\/v2\/posts"}],"about":[{"href":"https:\/\/blogg.sh.se\/forvaltningsakademin\/wp-json\/wp\/v2\/types\/post"}],"author":[{"embeddable":true,"href":"https:\/\/blogg.sh.se\/forvaltningsakademin\/wp-json\/wp\/v2\/users\/14"}],"replies":[{"embeddable":true,"href":"https:\/\/blogg.sh.se\/forvaltningsakademin\/wp-json\/wp\/v2\/comments?post=534"}],"version-history":[{"count":2,"href":"https:\/\/blogg.sh.se\/forvaltningsakademin\/wp-json\/wp\/v2\/posts\/534\/revisions"}],"predecessor-version":[{"id":578,"href":"https:\/\/blogg.sh.se\/forvaltningsakademin\/wp-json\/wp\/v2\/posts\/534\/revisions\/578"}],"wp:attachment":[{"href":"https:\/\/blogg.sh.se\/forvaltningsakademin\/wp-json\/wp\/v2\/media?parent=534"}],"wp:term":[{"taxonomy":"category","embeddable":true,"href":"https:\/\/blogg.sh.se\/forvaltningsakademin\/wp-json\/wp\/v2\/categories?post=534"},{"taxonomy":"post_tag","embeddable":true,"href":"https:\/\/blogg.sh.se\/forvaltningsakademin\/wp-json\/wp\/v2\/tags?post=534"}],"curies":[{"name":"wp","href":"https:\/\/api.w.org\/{rel}","templated":true}]}}