{"id":495,"date":"2020-11-13T08:35:38","date_gmt":"2020-11-13T08:35:38","guid":{"rendered":"http:\/\/blogg.sh.se\/forvaltningsakademin\/?p=495"},"modified":"2020-11-13T08:36:33","modified_gmt":"2020-11-13T08:36:33","slug":"i-det-offentligas-tjanst-nya-forutsattningar-for-tjanstemannarollen","status":"publish","type":"post","link":"https:\/\/blogg.sh.se\/forvaltningsakademin\/bok\/i-det-offentligas-tjanst-nya-forutsattningar-for-tjanstemannarollen\/","title":{"rendered":"I det offentligas tj\u00e4nst: Nya f\u00f6ruts\u00e4ttningar f\u00f6r tj\u00e4nstemannarollen"},"content":{"rendered":"\n<h3 class=\"wp-block-heading\">\u00c5sa Casula Vifell, <\/h3>\n\n\n\n<h3 class=\"wp-block-heading\">Anders Ivarsson Westerberg<\/h3>\n\n\n\n<p><strong>Samlingsverk (redakt\u00f6rskap) <\/strong><\/p>\n\n\n\n<p>F\u00f6rvaltningstj\u00e4nstem\u00e4n utg\u00f6r l\u00e4nken mellan makthavarna och folket. Deras uppgift \u00e4r att f\u00f6rverkliga de beslut som de politiska representanterna fattat, men ocks\u00e5 att m\u00f6ta och ibland f\u00f6retr\u00e4da medborgarna. Du tr\u00e4ffar dem dagligen som exempelvis l\u00e4rare, handl\u00e4ggare, poliser eller socialarbetare. F\u00f6rvaltningstj\u00e4nstemannen representerar makten, men har ocks\u00e5 sj\u00e4lv makt.<\/p>\n\n\n\n<p>Trots detta diskuteras tj\u00e4nstem\u00e4nnens betydelse i samh\u00e4llsutvecklingen s\u00e4llan: Vilken roll spelar den enskilde tj\u00e4nstemannens arbete f\u00f6r effektivitet och r\u00e4ttss\u00e4kerhet i offentlig verksamhet? Och finns det n\u00e5gon skillnad p\u00e5 att vara tj\u00e4nsteman inom offentlig sektor j\u00e4mf\u00f6rt med att jobba inom n\u00e4ringslivet? Om inte, finns det sk\u00e4l till att det borde vara skillnad?<\/p>\n\n\n\n<p>I den h\u00e4r boken diskuterar en rad forskare fr\u00e5n olika discipliner situationen f\u00f6r offentligt anst\u00e4llda tj\u00e4nstem\u00e4n, b\u00e5de i dag och ur ett historiskt perspektiv. Utg\u00e5ngspunkten \u00e4r de f\u00f6r\u00e4ndringar som under de senaste trettio \u00e5ren har p\u00e5verkat arbetet inom f\u00f6rvaltningarna, som m\u00e5l- och resultatstyrning, nya effektivitetskrav, decentralisering, privatisering och internationalisering. Boken riktar sig till studenter inom f\u00f6rvaltningspolitik och professionsutbildningar, men ocks\u00e5 till dem som redan arbetar i det offentligas tj\u00e4nst.<\/p>\n\n\n\n<p>Malm\u00f6: Gleerups Utbildning AB, 2013, 1. , s. 214<\/p>\n","protected":false},"excerpt":{"rendered":"<p>\u00c5sa Casula Vifell, Anders Ivarsson Westerberg Samlingsverk (redakt\u00f6rskap) F\u00f6rvaltningstj\u00e4nstem\u00e4n utg\u00f6r l\u00e4nken mellan makthavarna och folket. Deras uppgift \u00e4r att f\u00f6rverkliga de beslut som de politiska representanterna fattat, men ocks\u00e5 att m\u00f6ta och ibland f\u00f6retr\u00e4da medborgarna. Du tr\u00e4ffar dem dagligen som exempelvis l\u00e4rare, handl\u00e4ggare, poliser eller socialarbetare. F\u00f6rvaltningstj\u00e4nstemannen representerar makten, men har ocks\u00e5 sj\u00e4lv makt. Trots [&hellip;]<\/p>\n","protected":false},"author":14,"featured_media":0,"comment_status":"closed","ping_status":"open","sticky":false,"template":"","format":"standard","meta":{"footnotes":""},"categories":[7],"tags":[19,36],"_links":{"self":[{"href":"https:\/\/blogg.sh.se\/forvaltningsakademin\/wp-json\/wp\/v2\/posts\/495"}],"collection":[{"href":"https:\/\/blogg.sh.se\/forvaltningsakademin\/wp-json\/wp\/v2\/posts"}],"about":[{"href":"https:\/\/blogg.sh.se\/forvaltningsakademin\/wp-json\/wp\/v2\/types\/post"}],"author":[{"embeddable":true,"href":"https:\/\/blogg.sh.se\/forvaltningsakademin\/wp-json\/wp\/v2\/users\/14"}],"replies":[{"embeddable":true,"href":"https:\/\/blogg.sh.se\/forvaltningsakademin\/wp-json\/wp\/v2\/comments?post=495"}],"version-history":[{"count":2,"href":"https:\/\/blogg.sh.se\/forvaltningsakademin\/wp-json\/wp\/v2\/posts\/495\/revisions"}],"predecessor-version":[{"id":609,"href":"https:\/\/blogg.sh.se\/forvaltningsakademin\/wp-json\/wp\/v2\/posts\/495\/revisions\/609"}],"wp:attachment":[{"href":"https:\/\/blogg.sh.se\/forvaltningsakademin\/wp-json\/wp\/v2\/media?parent=495"}],"wp:term":[{"taxonomy":"category","embeddable":true,"href":"https:\/\/blogg.sh.se\/forvaltningsakademin\/wp-json\/wp\/v2\/categories?post=495"},{"taxonomy":"post_tag","embeddable":true,"href":"https:\/\/blogg.sh.se\/forvaltningsakademin\/wp-json\/wp\/v2\/tags?post=495"}],"curies":[{"name":"wp","href":"https:\/\/api.w.org\/{rel}","templated":true}]}}