{"id":493,"date":"2020-11-13T08:42:57","date_gmt":"2020-11-13T08:42:57","guid":{"rendered":"http:\/\/blogg.sh.se\/forvaltningsakademin\/?p=493"},"modified":"2020-11-13T08:45:31","modified_gmt":"2020-11-13T08:45:31","slug":"syns-inte-men-finns-anda-ett-seminarium-om-forvaltningspolitik","status":"publish","type":"post","link":"https:\/\/blogg.sh.se\/forvaltningsakademin\/rapportserie\/syns-inte-men-finns-anda-ett-seminarium-om-forvaltningspolitik\/","title":{"rendered":"Syns inte men finns \u00e4nd\u00e5&#8230;: Ett seminarium om f\u00f6rvaltningspolitik"},"content":{"rendered":"\n<h3 class=\"wp-block-heading\">Anders Ivarsson Westerberg,<\/h3>\n\n\n\n<h3 class=\"wp-block-heading\">G\u00f6ran Sundstr\u00f6m, <\/h3>\n\n\n\n<p><strong>Samlingsverk (redakt\u00f6rskap) <\/strong><\/p>\n\n\n\n<h5 class=\"wp-block-heading\">Abstract [sv]<\/h5>\n\n\n\n<p>Ska skolan och sjukv\u00e5rden f\u00f6rstatligas? Hur utses och avskedas myndighetschefer? Vad \u00e4r egentligen New Public Management? Fr\u00e5gor om hur offentliga \u00e5taganden organiseras och styrs st\u00e5r i centrum f\u00f6r samh\u00e4llsdebatten. Men varf\u00f6r g\u00f6r f\u00f6rvaltningspolitiken s\u00e5 lite v\u00e4sen av sig?<\/p>\n\n\n\n<p>S\u00e5 stod det i inbjudan till seminariet \u201dSyns inte men finns \u00e4nd\u00e5\u2026\u201d som arrangerades av F\u00f6rvaltningsakademin vid S\u00f6dert\u00f6rns h\u00f6gskola den 7 februari 2014.<\/p>\n\n\n\n<p>Vid seminariet deltog n\u00e5gra personer som vid olika tidpunkter och p\u00e5 olika s\u00e4tt varit delaktiga i svensk f\u00f6rvaltningspolitik. Paneldeltagarna diskuterade hur de uppfattade den f\u00f6rvaltningspolitiska utvecklingen, hur de sj\u00e4lva har p\u00e5verkat utvecklingen och vad som b\u00f6r g\u00f6ras i framtiden. \u00c4ven om det fanns skillnader var panelen r\u00f6rande \u00f6verens om att f\u00f6rvaltningspolitik \u00e4r viktigt och borde spela en st\u00f6rre roll i den politiska diskussionen.<\/p>\n\n\n\n<p>I denna skrift publiceras en utskrift av seminariet tillsammans med en inledande artikel av Anders Ivarsson Westerberg och G\u00f6ran Sundstr\u00f6m d\u00e4r de placerar f\u00f6rvaltningspolitik i ett vetenskapligt sammanhang.<\/p>\n\n\n\n<p>F\u00f6rvaltningsakademin \u00e4r en m\u00e5ngvetenskaplig centrumbildning vid S\u00f6dert\u00f6rns h\u00f6gskola som bedriver uppdragsutbildning och forskar om statsf\u00f6rvaltning samt verkar f\u00f6r kvalificerade m\u00f6ten mellan forskning och praktik.<\/p>\n\n\n\n<h5 class=\"wp-block-heading\">Ort, f\u00f6rlag, \u00e5r, upplaga, sidor<\/h5>\n\n\n\n<p>Huddinge: S\u00f6dert\u00f6rns h\u00f6gskola, 2014, 1. , s. 63<\/p>\n\n\n\n<h5 class=\"wp-block-heading\">Serie<\/h5>\n\n\n\n<p>F\u00f6rvaltningsakademin ; 2<\/p>\n","protected":false},"excerpt":{"rendered":"<p>Anders Ivarsson Westerberg, G\u00f6ran Sundstr\u00f6m, Samlingsverk (redakt\u00f6rskap) Abstract [sv] Ska skolan och sjukv\u00e5rden f\u00f6rstatligas? Hur utses och avskedas myndighetschefer? Vad \u00e4r egentligen New Public Management? Fr\u00e5gor om hur offentliga \u00e5taganden organiseras och styrs st\u00e5r i centrum f\u00f6r samh\u00e4llsdebatten. Men varf\u00f6r g\u00f6r f\u00f6rvaltningspolitiken s\u00e5 lite v\u00e4sen av sig? S\u00e5 stod det i inbjudan till seminariet \u201dSyns [&hellip;]<\/p>\n","protected":false},"author":14,"featured_media":0,"comment_status":"closed","ping_status":"open","sticky":false,"template":"","format":"standard","meta":{"footnotes":""},"categories":[24],"tags":[29],"_links":{"self":[{"href":"https:\/\/blogg.sh.se\/forvaltningsakademin\/wp-json\/wp\/v2\/posts\/493"}],"collection":[{"href":"https:\/\/blogg.sh.se\/forvaltningsakademin\/wp-json\/wp\/v2\/posts"}],"about":[{"href":"https:\/\/blogg.sh.se\/forvaltningsakademin\/wp-json\/wp\/v2\/types\/post"}],"author":[{"embeddable":true,"href":"https:\/\/blogg.sh.se\/forvaltningsakademin\/wp-json\/wp\/v2\/users\/14"}],"replies":[{"embeddable":true,"href":"https:\/\/blogg.sh.se\/forvaltningsakademin\/wp-json\/wp\/v2\/comments?post=493"}],"version-history":[{"count":2,"href":"https:\/\/blogg.sh.se\/forvaltningsakademin\/wp-json\/wp\/v2\/posts\/493\/revisions"}],"predecessor-version":[{"id":610,"href":"https:\/\/blogg.sh.se\/forvaltningsakademin\/wp-json\/wp\/v2\/posts\/493\/revisions\/610"}],"wp:attachment":[{"href":"https:\/\/blogg.sh.se\/forvaltningsakademin\/wp-json\/wp\/v2\/media?parent=493"}],"wp:term":[{"taxonomy":"category","embeddable":true,"href":"https:\/\/blogg.sh.se\/forvaltningsakademin\/wp-json\/wp\/v2\/categories?post=493"},{"taxonomy":"post_tag","embeddable":true,"href":"https:\/\/blogg.sh.se\/forvaltningsakademin\/wp-json\/wp\/v2\/tags?post=493"}],"curies":[{"name":"wp","href":"https:\/\/api.w.org\/{rel}","templated":true}]}}