{"id":491,"date":"2020-11-13T08:48:56","date_gmt":"2020-11-13T08:48:56","guid":{"rendered":"http:\/\/blogg.sh.se\/forvaltningsakademin\/?p=491"},"modified":"2020-11-13T08:53:21","modified_gmt":"2020-11-13T08:53:21","slug":"det-langa-1990-talet-nar-sverige-forandrades","status":"publish","type":"post","link":"https:\/\/blogg.sh.se\/forvaltningsakademin\/bok\/det-langa-1990-talet-nar-sverige-forandrades\/","title":{"rendered":"Det l\u00e5nga 1990-talet: n\u00e4r Sverige f\u00f6r\u00e4ndrades"},"content":{"rendered":"\n<h3 class=\"wp-block-heading\">Anders Ivarsson Westerberg, <\/h3>\n\n\n\n<h3 class=\"wp-block-heading\">Ylva Waldemarson, <\/h3>\n\n\n\n<h3 class=\"wp-block-heading\">Kjell \u00d6stberg, <\/h3>\n\n\n\n<p><strong>Samlingsverk (redakt\u00f6rskap) <\/strong><\/p>\n\n\n\n<p>Sammanfattning<\/p>\n\n\n\n<p><strong>\u00c5ren kring 1990<\/strong>&nbsp;var en dramatisk tid. Muren f\u00f6ll och&nbsp;Sverige gick med i EU. Landet drogs in i en ekonomisk kris med r\u00e4nta p\u00e5 500 procent. Arbetsl\u00f6sheten steg&nbsp;fr\u00e5n 2 till 12 procent och dramatiska nedsk\u00e4rningar i v\u00e4lf\u00e4rdssystemet genomf\u00f6rdes. Samtidigt avreglerades v\u00e4lf\u00e4rdsstaten. Nu beslutades om friskolereformer, avreglering av bankverksamhet, kommunikationer och teletrafik; TV-monopolet avskaffades och sjukv\u00e5rd och \u00e4ldre\u00adomsorg konkurrensutsattes. Var syftet att skapa ett systemskifte eller en n\u00f6dv\u00e4ndig modernisering av den svenska modellen? F\u00f6r att hitta f\u00f6r\u00e4ndringarnas r\u00f6tter och f\u00f6rst\u00e5 deras genomslag m\u00e5ste tidsperspektiv vidgas.<\/p>\n\n\n\n<p>Antologin&nbsp;<strong>Det l\u00e5nga 1990-talet<\/strong>&nbsp;\u00e4r skriven av forskare vid Samtidshistoriska institutet. Det \u00e4r en bok som f\u00f6rdjupar analysen av ett viktigt skede i v\u00e5r samtid.<\/p>\n\n\n\n<p>Ume\u00e5: Bor\u00e9a Bokf\u00f6rlag, 2014, 1. , s. 487<\/p>\n","protected":false},"excerpt":{"rendered":"<p>Anders Ivarsson Westerberg, Ylva Waldemarson, Kjell \u00d6stberg, Samlingsverk (redakt\u00f6rskap) Sammanfattning \u00c5ren kring 1990&nbsp;var en dramatisk tid. Muren f\u00f6ll och&nbsp;Sverige gick med i EU. Landet drogs in i en ekonomisk kris med r\u00e4nta p\u00e5 500 procent. Arbetsl\u00f6sheten steg&nbsp;fr\u00e5n 2 till 12 procent och dramatiska nedsk\u00e4rningar i v\u00e4lf\u00e4rdssystemet genomf\u00f6rdes. Samtidigt avreglerades v\u00e4lf\u00e4rdsstaten. Nu beslutades om friskolereformer, avreglering [&hellip;]<\/p>\n","protected":false},"author":14,"featured_media":0,"comment_status":"closed","ping_status":"open","sticky":false,"template":"","format":"standard","meta":{"footnotes":""},"categories":[7],"tags":[66],"_links":{"self":[{"href":"https:\/\/blogg.sh.se\/forvaltningsakademin\/wp-json\/wp\/v2\/posts\/491"}],"collection":[{"href":"https:\/\/blogg.sh.se\/forvaltningsakademin\/wp-json\/wp\/v2\/posts"}],"about":[{"href":"https:\/\/blogg.sh.se\/forvaltningsakademin\/wp-json\/wp\/v2\/types\/post"}],"author":[{"embeddable":true,"href":"https:\/\/blogg.sh.se\/forvaltningsakademin\/wp-json\/wp\/v2\/users\/14"}],"replies":[{"embeddable":true,"href":"https:\/\/blogg.sh.se\/forvaltningsakademin\/wp-json\/wp\/v2\/comments?post=491"}],"version-history":[{"count":2,"href":"https:\/\/blogg.sh.se\/forvaltningsakademin\/wp-json\/wp\/v2\/posts\/491\/revisions"}],"predecessor-version":[{"id":611,"href":"https:\/\/blogg.sh.se\/forvaltningsakademin\/wp-json\/wp\/v2\/posts\/491\/revisions\/611"}],"wp:attachment":[{"href":"https:\/\/blogg.sh.se\/forvaltningsakademin\/wp-json\/wp\/v2\/media?parent=491"}],"wp:term":[{"taxonomy":"category","embeddable":true,"href":"https:\/\/blogg.sh.se\/forvaltningsakademin\/wp-json\/wp\/v2\/categories?post=491"},{"taxonomy":"post_tag","embeddable":true,"href":"https:\/\/blogg.sh.se\/forvaltningsakademin\/wp-json\/wp\/v2\/tags?post=491"}],"curies":[{"name":"wp","href":"https:\/\/api.w.org\/{rel}","templated":true}]}}