{"id":489,"date":"2020-11-13T08:59:35","date_gmt":"2020-11-13T08:59:35","guid":{"rendered":"http:\/\/blogg.sh.se\/forvaltningsakademin\/?p=489"},"modified":"2020-11-13T09:00:58","modified_gmt":"2020-11-13T09:00:58","slug":"administrationssamhallet","status":"publish","type":"post","link":"https:\/\/blogg.sh.se\/forvaltningsakademin\/bok\/administrationssamhallet\/","title":{"rendered":"Administrationssamh\u00e4llet"},"content":{"rendered":"\n<h3 class=\"wp-block-heading\">Anders Forssell, Anders Ivarsson Westerberg, <\/h3>\n\n\n\n<p><strong>Bok <\/strong><\/p>\n\n\n\n<p>Sammanfattning<\/p>\n\n\n\n<p>Alla tillg\u00e4ngliga studier och unders\u00f6kningar pekar mot att det administrativa arbetet \u00f6kar och tar upp allt mer av arbetstiden f\u00f6r de anst\u00e4llda, inte minst inom offentlig sektor. Det ska dokumenteras, skrivas rapporter, utv\u00e4rderingar och planer. Det ska deltas i budgetm\u00f6ten, ges synpunkter p\u00e5 den nya kvalitetspolicyn eller s\u00e5 ska anst\u00e4llda uts\u00e4ttas f\u00f6r revisorernas granskande blickar. Det finns otaliga exempel p\u00e5 klagom\u00e5l fr\u00e5n olika h\u00e5ll fr\u00e5n dem som arbetar i offentlig sektor att det administrativa arbetet tycks \u00f6ka och stj\u00e4l tid fr\u00e5n de &#8221;vanliga&#8221; eller &#8221;riktiga&#8221; arbetsuppgifterna. Samtidigt sparas det alltmer p\u00e5 det administrativa st\u00f6det i form av sekreterare eller assistenter, vilket g\u00f6r att administrativt arbete i allt st\u00f6rre omfattning flyttar ut p\u00e5 varje anst\u00e4lld, ett slags &#8221;amat\u00f6risering&#8221; av det administrativa arbetet.<br>I&nbsp;den h\u00e4r boken diskuteras fenomenet administration och dess f\u00f6r\u00e4ndring. En viktig f\u00f6rklaring till varf\u00f6r administrationen \u00f6kar \u00e4r de organisationsreformer, kallade New Public Management, som genomf\u00f6rts i den offentliga sektorn. Det vi ser kan formuleras som ett slags systemfel eller organisationsparadox: Alla dessa administrativa p\u00e5lagor och krav g\u00f6r inte att organisationer fungerar b\u00e4ttre, leder inte till \u00f6ppenhet och effektivitet i samh\u00e4llet i stort, utan leder i st\u00e4llet till att vi riskerar att administrera oss till d\u00f6ds.<\/p>\n\n\n\n<p>Lund: Studentlitteratur , 2014, 1. , s. 272<\/p>\n","protected":false},"excerpt":{"rendered":"<p>Anders Forssell, Anders Ivarsson Westerberg, Bok Sammanfattning Alla tillg\u00e4ngliga studier och unders\u00f6kningar pekar mot att det administrativa arbetet \u00f6kar och tar upp allt mer av arbetstiden f\u00f6r de anst\u00e4llda, inte minst inom offentlig sektor. Det ska dokumenteras, skrivas rapporter, utv\u00e4rderingar och planer. Det ska deltas i budgetm\u00f6ten, ges synpunkter p\u00e5 den nya kvalitetspolicyn eller s\u00e5 [&hellip;]<\/p>\n","protected":false},"author":14,"featured_media":0,"comment_status":"closed","ping_status":"open","sticky":false,"template":"","format":"standard","meta":{"footnotes":""},"categories":[7],"tags":[19],"_links":{"self":[{"href":"https:\/\/blogg.sh.se\/forvaltningsakademin\/wp-json\/wp\/v2\/posts\/489"}],"collection":[{"href":"https:\/\/blogg.sh.se\/forvaltningsakademin\/wp-json\/wp\/v2\/posts"}],"about":[{"href":"https:\/\/blogg.sh.se\/forvaltningsakademin\/wp-json\/wp\/v2\/types\/post"}],"author":[{"embeddable":true,"href":"https:\/\/blogg.sh.se\/forvaltningsakademin\/wp-json\/wp\/v2\/users\/14"}],"replies":[{"embeddable":true,"href":"https:\/\/blogg.sh.se\/forvaltningsakademin\/wp-json\/wp\/v2\/comments?post=489"}],"version-history":[{"count":5,"href":"https:\/\/blogg.sh.se\/forvaltningsakademin\/wp-json\/wp\/v2\/posts\/489\/revisions"}],"predecessor-version":[{"id":615,"href":"https:\/\/blogg.sh.se\/forvaltningsakademin\/wp-json\/wp\/v2\/posts\/489\/revisions\/615"}],"wp:attachment":[{"href":"https:\/\/blogg.sh.se\/forvaltningsakademin\/wp-json\/wp\/v2\/media?parent=489"}],"wp:term":[{"taxonomy":"category","embeddable":true,"href":"https:\/\/blogg.sh.se\/forvaltningsakademin\/wp-json\/wp\/v2\/categories?post=489"},{"taxonomy":"post_tag","embeddable":true,"href":"https:\/\/blogg.sh.se\/forvaltningsakademin\/wp-json\/wp\/v2\/tags?post=489"}],"curies":[{"name":"wp","href":"https:\/\/api.w.org\/{rel}","templated":true}]}}