{"id":358,"date":"2020-01-29T10:58:00","date_gmt":"2020-01-29T10:58:00","guid":{"rendered":"http:\/\/blogg.sh.se\/forvaltningsakademin\/?p=358"},"modified":"2020-01-29T15:33:07","modified_gmt":"2020-01-29T15:33:07","slug":"det-finns-ett-kaos-mellan-verkligheten-och-kartan-rapport-fran-forvaltningsakademins-seminarium-om-den-stora-polisreformen-ivarsson-westerberg-anders-2017-svenska-samlingsverk-redaktorskap-ovri","status":"publish","type":"post","link":"https:\/\/blogg.sh.se\/forvaltningsakademin\/konferensbidrag\/det-finns-ett-kaos-mellan-verkligheten-och-kartan-rapport-fran-forvaltningsakademins-seminarium-om-den-stora-polisreformen-ivarsson-westerberg-anders-2017-svenska-samlingsverk-redaktorskap-ovri\/","title":{"rendered":"Det finns ett kaos mellan verkligheten och kartan: Rapport fr\u00e5n F\u00f6rvaltningsakademins seminarium om den stora polisreformen Ivarsson Westerberg, Anders 2017 (Svenska) Samlingsverk (redakt\u00f6rskap) (\u00d6vrigt vetenskapligt)"},"content":{"rendered":"\n<h5 class=\"wp-block-heading\">Abstract [sv]<\/h5>\n\n\n\n<p>Den f\u00f6rsta januari 2015 sj\u00f6sattes den kanske st\u00f6rsta organisationsreform som genomf\u00f6rts i Sveriges statsf\u00f6rvaltning \u2013 omorganisationen d\u00e4r de 21 l\u00e4nspolismyndigheterna slogs ihop till en enda nationell polismyndighet. Syftet med reformen var att komma n\u00e4rmare medborgarna samtidigt som f\u00f6rm\u00e5gan att fatta beslut p\u00e5 en samordnad central niv\u00e5 skulle st\u00e4rkas.<\/p>\n\n\n\n<p>I november 2016 arrangerade F\u00f6rvaltningsakademin ett seminarium om denna reform. I panelen deltog forskare, poliser, journalister och rikspolischef Dan Eliasson. F\u00f6rsta delen av seminariet handlade om hur sj\u00e4lva reformen blev till. Den andra delen var ett panelsamtal d\u00e4r deltagarna utifr\u00e5n sina olika perspektiv diskuterade kring fr\u00e5gor som: Vilka negativa och positiva effekter kan vi se s\u00e5 h\u00e4r l\u00e5ngt? Hur ser vi p\u00e5 framtiden?<\/p>\n\n\n\n<p>I denna skrift presenteras en utskrift av seminariet. H\u00e4r ges \u00e4ven ett teoretiskt perspektiv samt en \u00f6versikt \u00f6ver de reformer den svenska polisen genomg\u00e5tt sedan mitten av 1960-talet.<\/p>\n\n\n\n<p>Anders Ivarsson Westerberg \u00e4r docent i f\u00f6retagsekonomi och verksam vid F\u00f6rvaltningsakademin, S\u00f6dert\u00f6rns h\u00f6gskola.<\/p>\n\n\n\n<h5 class=\"wp-block-heading\">Ort, f\u00f6rlag, \u00e5r, upplaga, sidor<\/h5>\n\n\n\n<p>Huddinge: S\u00f6dert\u00f6rns h\u00f6gskola, 2017. s. 88<em>&nbsp;Upplaga<\/em>: 1<\/p>\n","protected":false},"excerpt":{"rendered":"<p>Abstract [sv] Den f\u00f6rsta januari 2015 sj\u00f6sattes den kanske st\u00f6rsta organisationsreform som genomf\u00f6rts i Sveriges statsf\u00f6rvaltning \u2013 omorganisationen d\u00e4r de 21 l\u00e4nspolismyndigheterna slogs ihop till en enda nationell polismyndighet. Syftet med reformen var att komma n\u00e4rmare medborgarna samtidigt som f\u00f6rm\u00e5gan att fatta beslut p\u00e5 en samordnad central niv\u00e5 skulle st\u00e4rkas. I november 2016 arrangerade F\u00f6rvaltningsakademin [&hellip;]<\/p>\n","protected":false},"author":14,"featured_media":0,"comment_status":"closed","ping_status":"open","sticky":false,"template":"","format":"standard","meta":{"footnotes":""},"categories":[22],"tags":[10],"_links":{"self":[{"href":"https:\/\/blogg.sh.se\/forvaltningsakademin\/wp-json\/wp\/v2\/posts\/358"}],"collection":[{"href":"https:\/\/blogg.sh.se\/forvaltningsakademin\/wp-json\/wp\/v2\/posts"}],"about":[{"href":"https:\/\/blogg.sh.se\/forvaltningsakademin\/wp-json\/wp\/v2\/types\/post"}],"author":[{"embeddable":true,"href":"https:\/\/blogg.sh.se\/forvaltningsakademin\/wp-json\/wp\/v2\/users\/14"}],"replies":[{"embeddable":true,"href":"https:\/\/blogg.sh.se\/forvaltningsakademin\/wp-json\/wp\/v2\/comments?post=358"}],"version-history":[{"count":1,"href":"https:\/\/blogg.sh.se\/forvaltningsakademin\/wp-json\/wp\/v2\/posts\/358\/revisions"}],"predecessor-version":[{"id":359,"href":"https:\/\/blogg.sh.se\/forvaltningsakademin\/wp-json\/wp\/v2\/posts\/358\/revisions\/359"}],"wp:attachment":[{"href":"https:\/\/blogg.sh.se\/forvaltningsakademin\/wp-json\/wp\/v2\/media?parent=358"}],"wp:term":[{"taxonomy":"category","embeddable":true,"href":"https:\/\/blogg.sh.se\/forvaltningsakademin\/wp-json\/wp\/v2\/categories?post=358"},{"taxonomy":"post_tag","embeddable":true,"href":"https:\/\/blogg.sh.se\/forvaltningsakademin\/wp-json\/wp\/v2\/tags?post=358"}],"curies":[{"name":"wp","href":"https:\/\/api.w.org\/{rel}","templated":true}]}}