{"id":221,"date":"2020-01-31T08:58:00","date_gmt":"2020-01-31T08:58:00","guid":{"rendered":"http:\/\/blogg.sh.se\/forvaltningsakademin\/?p=221"},"modified":"2020-01-31T09:47:28","modified_gmt":"2020-01-31T09:47:28","slug":"searching-for-managerial-discretion-how-public-managers-engage-managerialism-as-a-rationalization-for-increased-latitude-of-action-artikel-i-vetenskaplig-tidskrift-refereegranskad-forfattare-tom-kar-2","status":"publish","type":"post","link":"https:\/\/blogg.sh.se\/forvaltningsakademin\/artikel\/searching-for-managerial-discretion-how-public-managers-engage-managerialism-as-a-rationalization-for-increased-latitude-of-action-artikel-i-vetenskaplig-tidskrift-refereegranskad-forfattare-tom-kar-2\/","title":{"rendered":"Searching for managerial discretion: How public managers engage managerialism as a rationalization for increased latitude of action Artikel i vetenskaplig tidskrift, refereegranskad F\u00f6rfattare Tom Karlsson | F\u00f6rvaltningsh\u00f6gskolan Publikations\u00e5r 2019 Publicerad i Public Management Review, 21 (3), 315-333"},"content":{"rendered":"\n<p>This article focuses on the managerial discretion that public managers experience. More specifically, it discusses how managerialism is an embedded ideological stance that influences understandings of public sector governance. I argue that managers\u2019 perceptions of discretion are affected by these understandings. The analysis draws on empirical data from a longitudinal study, demonstrating how public managers engage discourses emanating from managerialism in order to rationalize increased discretion. The findings suggest that customer perspectives functions as a rationalizing factor for engaging public managers\u2019 transition towards increased discretion. As such, this article contributes to knowledge about managerial discretion as well as managerialism.L\u00e4nkar<\/p>\n\n\n\n<ul><li><a target=\"_blank\" href=\"https:\/\/www.tandfonline.com\/doi\/full\/10.1080\/14719037.2018.1473475\" rel=\"noreferrer noopener\">https:\/\/www.tandfonline.com\/doi\/full\/10.1080\/14719037.2018.1473475<\/a><\/li><\/ul>\n","protected":false},"excerpt":{"rendered":"<p>This article focuses on the managerial discretion that public managers experience. More specifically, it discusses how managerialism is an embedded ideological stance that influences understandings of public sector governance. I argue that managers\u2019 perceptions of discretion are affected by these understandings. The analysis draws on empirical data from a longitudinal study, demonstrating how public managers [&hellip;]<\/p>\n","protected":false},"author":14,"featured_media":0,"comment_status":"closed","ping_status":"open","sticky":false,"template":"","format":"standard","meta":{"footnotes":""},"categories":[6],"tags":[],"_links":{"self":[{"href":"https:\/\/blogg.sh.se\/forvaltningsakademin\/wp-json\/wp\/v2\/posts\/221"}],"collection":[{"href":"https:\/\/blogg.sh.se\/forvaltningsakademin\/wp-json\/wp\/v2\/posts"}],"about":[{"href":"https:\/\/blogg.sh.se\/forvaltningsakademin\/wp-json\/wp\/v2\/types\/post"}],"author":[{"embeddable":true,"href":"https:\/\/blogg.sh.se\/forvaltningsakademin\/wp-json\/wp\/v2\/users\/14"}],"replies":[{"embeddable":true,"href":"https:\/\/blogg.sh.se\/forvaltningsakademin\/wp-json\/wp\/v2\/comments?post=221"}],"version-history":[{"count":1,"href":"https:\/\/blogg.sh.se\/forvaltningsakademin\/wp-json\/wp\/v2\/posts\/221\/revisions"}],"predecessor-version":[{"id":222,"href":"https:\/\/blogg.sh.se\/forvaltningsakademin\/wp-json\/wp\/v2\/posts\/221\/revisions\/222"}],"wp:attachment":[{"href":"https:\/\/blogg.sh.se\/forvaltningsakademin\/wp-json\/wp\/v2\/media?parent=221"}],"wp:term":[{"taxonomy":"category","embeddable":true,"href":"https:\/\/blogg.sh.se\/forvaltningsakademin\/wp-json\/wp\/v2\/categories?post=221"},{"taxonomy":"post_tag","embeddable":true,"href":"https:\/\/blogg.sh.se\/forvaltningsakademin\/wp-json\/wp\/v2\/tags?post=221"}],"curies":[{"name":"wp","href":"https:\/\/api.w.org\/{rel}","templated":true}]}}