{"id":217,"date":"2020-01-31T09:46:24","date_gmt":"2020-01-31T09:46:24","guid":{"rendered":"http:\/\/blogg.sh.se\/forvaltningsakademin\/?p=217"},"modified":"2020-01-31T09:46:24","modified_gmt":"2020-01-31T09:46:24","slug":"2019-leadership-is-the-problem-and-therefore-not-the-solution-forlag-santerus-academic-press-forlagsort-stockholm","status":"publish","type":"post","link":"https:\/\/blogg.sh.se\/forvaltningsakademin\/bok\/2019-leadership-is-the-problem-and-therefore-not-the-solution-forlag-santerus-academic-press-forlagsort-stockholm\/","title":{"rendered":"2019  Leadership is the problem &#8211; and therefore not the solution F\u00f6rlag Sant\u00e9rus Academic Press F\u00f6rlagsort Stockholm"},"content":{"rendered":"\n<p>Bok <\/p>\n\n\n\n<p>Editors Emma\u00a0Ek \u00d6sterberg, \u00a0Bj\u00f6rn\u00a0Rombach\u00a0<strong>|F\u00f6rvaltningsh\u00f6gskolan<\/strong><\/p>\n\n\n\n<p><strong>|<\/strong><\/p>\n","protected":false},"excerpt":{"rendered":"<p>Bok Editors Emma\u00a0Ek \u00d6sterberg, \u00a0Bj\u00f6rn\u00a0Rombach\u00a0|F\u00f6rvaltningsh\u00f6gskolan |<\/p>\n","protected":false},"author":14,"featured_media":0,"comment_status":"closed","ping_status":"open","sticky":false,"template":"","format":"standard","meta":{"footnotes":""},"categories":[7],"tags":[],"_links":{"self":[{"href":"https:\/\/blogg.sh.se\/forvaltningsakademin\/wp-json\/wp\/v2\/posts\/217"}],"collection":[{"href":"https:\/\/blogg.sh.se\/forvaltningsakademin\/wp-json\/wp\/v2\/posts"}],"about":[{"href":"https:\/\/blogg.sh.se\/forvaltningsakademin\/wp-json\/wp\/v2\/types\/post"}],"author":[{"embeddable":true,"href":"https:\/\/blogg.sh.se\/forvaltningsakademin\/wp-json\/wp\/v2\/users\/14"}],"replies":[{"embeddable":true,"href":"https:\/\/blogg.sh.se\/forvaltningsakademin\/wp-json\/wp\/v2\/comments?post=217"}],"version-history":[{"count":3,"href":"https:\/\/blogg.sh.se\/forvaltningsakademin\/wp-json\/wp\/v2\/posts\/217\/revisions"}],"predecessor-version":[{"id":467,"href":"https:\/\/blogg.sh.se\/forvaltningsakademin\/wp-json\/wp\/v2\/posts\/217\/revisions\/467"}],"wp:attachment":[{"href":"https:\/\/blogg.sh.se\/forvaltningsakademin\/wp-json\/wp\/v2\/media?parent=217"}],"wp:term":[{"taxonomy":"category","embeddable":true,"href":"https:\/\/blogg.sh.se\/forvaltningsakademin\/wp-json\/wp\/v2\/categories?post=217"},{"taxonomy":"post_tag","embeddable":true,"href":"https:\/\/blogg.sh.se\/forvaltningsakademin\/wp-json\/wp\/v2\/tags?post=217"}],"curies":[{"name":"wp","href":"https:\/\/api.w.org\/{rel}","templated":true}]}}