{"id":84,"date":"2017-09-26T15:04:45","date_gmt":"2017-09-26T15:04:45","guid":{"rendered":"http:\/\/blogg.sh.se\/biologiskt_kulturarv\/?p=84"},"modified":"2017-09-26T15:04:45","modified_gmt":"2017-09-26T15:04:45","slug":"fra-sor-til-nord-i-trondelag","status":"publish","type":"post","link":"https:\/\/blogg.sh.se\/biologiskt_kulturarv\/uncategorized\/fra-sor-til-nord-i-trondelag\/","title":{"rendered":"Fra s\u00f8r til nord i Tr\u00f8ndelag"},"content":{"rendered":"<p><em>Med varsel om at sn\u00f8en allerede har lagt seg i fjella i Tr\u00f8ndelag, er det godt \u00e5 kunne melde om at vi har kommet vel i havn med \u00e5rets feltarbeid!<\/em><\/p>\n<p>&nbsp;<\/p>\n<p>Det ble mange flotte og interessante feltbes\u00f8k hos brukere b\u00e5de i Oppdal, Stj\u00f8rdal og Sn\u00e5sa i l\u00f8pet av sommeren. Hos enkelte av brukerne i prosjektet hadde vi allerede gjennomf\u00f8rt n\u00f8dvendige feltbefaringer og registreringer tidligere \u00e5r.<\/p>\n<p>Med en siste feltbefaring p\u00e5 setervollen hos Vegard i Forradalen denne uka, er det n\u00e5 lagt et godt grunnlag for det videre arbeidet i prosjektet.<\/p>\n<figure id=\"attachment_85\" aria-describedby=\"caption-attachment-85\" style=\"width: 300px\" class=\"wp-caption alignnone\"><a href=\"http:\/\/blogg.sh.se\/biologiskt_kulturarv\/wp-content\/uploads\/2017\/09\/bild-1.jpg\"><img loading=\"lazy\" class=\"size-medium wp-image-85\" src=\"http:\/\/blogg.sh.se\/biologiskt_kulturarv\/wp-content\/uploads\/2017\/09\/bild-1-300x200.jpg\" alt=\"\" width=\"300\" height=\"200\" srcset=\"https:\/\/blogg.sh.se\/biologiskt_kulturarv\/wp-content\/uploads\/2017\/09\/bild-1-300x200.jpg 300w, https:\/\/blogg.sh.se\/biologiskt_kulturarv\/wp-content\/uploads\/2017\/09\/bild-1-580x387.jpg 580w, https:\/\/blogg.sh.se\/biologiskt_kulturarv\/wp-content\/uploads\/2017\/09\/bild-1.jpg 642w\" sizes=\"(max-width: 300px) 100vw, 300px\" \/><\/a><figcaption id=\"caption-attachment-85\" class=\"wp-caption-text\">Eggensetra i Sn\u00e5sa, hos Siv Beate og Morten. Foto: B. Bele\/NIBIO.<\/figcaption><\/figure>\n<figure id=\"attachment_86\" aria-describedby=\"caption-attachment-86\" style=\"width: 300px\" class=\"wp-caption alignnone\"><a href=\"http:\/\/blogg.sh.se\/biologiskt_kulturarv\/wp-content\/uploads\/2017\/09\/bild-2.jpg\"><img loading=\"lazy\" class=\"size-medium wp-image-86\" src=\"http:\/\/blogg.sh.se\/biologiskt_kulturarv\/wp-content\/uploads\/2017\/09\/bild-2-300x199.jpg\" alt=\"\" width=\"300\" height=\"199\" srcset=\"https:\/\/blogg.sh.se\/biologiskt_kulturarv\/wp-content\/uploads\/2017\/09\/bild-2-300x199.jpg 300w, https:\/\/blogg.sh.se\/biologiskt_kulturarv\/wp-content\/uploads\/2017\/09\/bild-2-580x385.jpg 580w, https:\/\/blogg.sh.se\/biologiskt_kulturarv\/wp-content\/uploads\/2017\/09\/bild-2.jpg 645w\" sizes=\"(max-width: 300px) 100vw, 300px\" \/><\/a><figcaption id=\"caption-attachment-86\" class=\"wp-caption-text\">Tradisjonell seterdrift med melkekyr og osteproduksjon p\u00e5 Eggensetra. Foto: B. Bele\/NIBIO.<\/figcaption><\/figure>\n<figure id=\"attachment_87\" aria-describedby=\"caption-attachment-87\" style=\"width: 300px\" class=\"wp-caption alignnone\"><a href=\"http:\/\/blogg.sh.se\/biologiskt_kulturarv\/wp-content\/uploads\/2017\/09\/bild-3.jpg\"><img loading=\"lazy\" class=\"size-medium wp-image-87\" src=\"http:\/\/blogg.sh.se\/biologiskt_kulturarv\/wp-content\/uploads\/2017\/09\/bild-3-300x200.jpg\" alt=\"\" width=\"300\" height=\"200\" srcset=\"https:\/\/blogg.sh.se\/biologiskt_kulturarv\/wp-content\/uploads\/2017\/09\/bild-3-300x200.jpg 300w, https:\/\/blogg.sh.se\/biologiskt_kulturarv\/wp-content\/uploads\/2017\/09\/bild-3-580x386.jpg 580w, https:\/\/blogg.sh.se\/biologiskt_kulturarv\/wp-content\/uploads\/2017\/09\/bild-3.jpg 636w\" sizes=\"(max-width: 300px) 100vw, 300px\" \/><\/a><figcaption id=\"caption-attachment-87\" class=\"wp-caption-text\">Produksjon av kj\u00f8tt, skinn og ull fra gamle saueraser, hos Anne Line i Oppdal. Foto: B. Bele\/NIBIO.<\/figcaption><\/figure>\n<figure id=\"attachment_88\" aria-describedby=\"caption-attachment-88\" style=\"width: 300px\" class=\"wp-caption alignnone\"><a href=\"http:\/\/blogg.sh.se\/biologiskt_kulturarv\/wp-content\/uploads\/2017\/09\/bild-4.jpg\"><img loading=\"lazy\" class=\"size-medium wp-image-88\" src=\"http:\/\/blogg.sh.se\/biologiskt_kulturarv\/wp-content\/uploads\/2017\/09\/bild-4-300x200.jpg\" alt=\"\" width=\"300\" height=\"200\" srcset=\"https:\/\/blogg.sh.se\/biologiskt_kulturarv\/wp-content\/uploads\/2017\/09\/bild-4-300x200.jpg 300w, https:\/\/blogg.sh.se\/biologiskt_kulturarv\/wp-content\/uploads\/2017\/09\/bild-4-580x386.jpg 580w, https:\/\/blogg.sh.se\/biologiskt_kulturarv\/wp-content\/uploads\/2017\/09\/bild-4.jpg 606w\" sizes=\"(max-width: 300px) 100vw, 300px\" \/><\/a><figcaption id=\"caption-attachment-88\" class=\"wp-caption-text\">Gammalnorsk sp\u00e6lsau er et flott syn p\u00e5 beite. Foto: B. Bele\/NIBIO.<\/figcaption><\/figure>\n<figure id=\"attachment_89\" aria-describedby=\"caption-attachment-89\" style=\"width: 300px\" class=\"wp-caption alignnone\"><a href=\"http:\/\/blogg.sh.se\/biologiskt_kulturarv\/wp-content\/uploads\/2017\/09\/bild-5.jpg\"><img loading=\"lazy\" class=\"size-medium wp-image-89\" src=\"http:\/\/blogg.sh.se\/biologiskt_kulturarv\/wp-content\/uploads\/2017\/09\/bild-5-300x199.jpg\" alt=\"\" width=\"300\" height=\"199\" srcset=\"https:\/\/blogg.sh.se\/biologiskt_kulturarv\/wp-content\/uploads\/2017\/09\/bild-5-300x199.jpg 300w, https:\/\/blogg.sh.se\/biologiskt_kulturarv\/wp-content\/uploads\/2017\/09\/bild-5-580x385.jpg 580w, https:\/\/blogg.sh.se\/biologiskt_kulturarv\/wp-content\/uploads\/2017\/09\/bild-5.jpg 605w\" sizes=\"(max-width: 300px) 100vw, 300px\" \/><\/a><figcaption id=\"caption-attachment-89\" class=\"wp-caption-text\">Norsk pelssau legger grunnlaget for produksjon av kj\u00f8tt og skinn hos Sara p\u00e5 L\u00f8nset, Oppdal. Foto: B. Bele\/NIBIO.<\/figcaption><\/figure>\n<figure id=\"attachment_90\" aria-describedby=\"caption-attachment-90\" style=\"width: 300px\" class=\"wp-caption alignnone\"><a href=\"http:\/\/blogg.sh.se\/biologiskt_kulturarv\/wp-content\/uploads\/2017\/09\/bild-6.jpg\"><img loading=\"lazy\" class=\"size-medium wp-image-90\" src=\"http:\/\/blogg.sh.se\/biologiskt_kulturarv\/wp-content\/uploads\/2017\/09\/bild-6-300x199.jpg\" alt=\"\" width=\"300\" height=\"199\" srcset=\"https:\/\/blogg.sh.se\/biologiskt_kulturarv\/wp-content\/uploads\/2017\/09\/bild-6-300x199.jpg 300w, https:\/\/blogg.sh.se\/biologiskt_kulturarv\/wp-content\/uploads\/2017\/09\/bild-6-768x511.jpg 768w, https:\/\/blogg.sh.se\/biologiskt_kulturarv\/wp-content\/uploads\/2017\/09\/bild-6-580x386.jpg 580w, https:\/\/blogg.sh.se\/biologiskt_kulturarv\/wp-content\/uploads\/2017\/09\/bild-6.jpg 979w\" sizes=\"(max-width: 300px) 100vw, 300px\" \/><\/a><figcaption id=\"caption-attachment-90\" class=\"wp-caption-text\">Sauebeitingen s\u00f8rger for \u00e5 opprettholde mangfoldet b\u00e5de av planter og insekter, slik som her p\u00e5 L\u00f8nset. En h\u00f8y andel av urter i f\u00f4ret p\u00e5virker kvaliteten i positiv retning. Foto: B. Bele\/NIBIO.<\/figcaption><\/figure>\n<figure id=\"attachment_91\" aria-describedby=\"caption-attachment-91\" style=\"width: 300px\" class=\"wp-caption alignnone\"><a href=\"http:\/\/blogg.sh.se\/biologiskt_kulturarv\/wp-content\/uploads\/2017\/09\/bild-7.jpg\"><img loading=\"lazy\" class=\"size-medium wp-image-91\" src=\"http:\/\/blogg.sh.se\/biologiskt_kulturarv\/wp-content\/uploads\/2017\/09\/bild-7-300x200.jpg\" alt=\"\" width=\"300\" height=\"200\" srcset=\"https:\/\/blogg.sh.se\/biologiskt_kulturarv\/wp-content\/uploads\/2017\/09\/bild-7-300x200.jpg 300w, https:\/\/blogg.sh.se\/biologiskt_kulturarv\/wp-content\/uploads\/2017\/09\/bild-7-580x386.jpg 580w, https:\/\/blogg.sh.se\/biologiskt_kulturarv\/wp-content\/uploads\/2017\/09\/bild-7.jpg 612w\" sizes=\"(max-width: 300px) 100vw, 300px\" \/><\/a><figcaption id=\"caption-attachment-91\" class=\"wp-caption-text\">Artsrike sl\u00e5ttemarker tas vare p\u00e5 ved tradisjonell sl\u00e5tt hos Heidi og Trond Olav i Forradalen. Foto: B. Bele\/NIBIO.<\/figcaption><\/figure>\n<figure id=\"attachment_92\" aria-describedby=\"caption-attachment-92\" style=\"width: 300px\" class=\"wp-caption alignnone\"><a href=\"http:\/\/blogg.sh.se\/biologiskt_kulturarv\/wp-content\/uploads\/2017\/09\/bild-8.jpg\"><img loading=\"lazy\" class=\"size-medium wp-image-92\" src=\"http:\/\/blogg.sh.se\/biologiskt_kulturarv\/wp-content\/uploads\/2017\/09\/bild-8-300x200.jpg\" alt=\"\" width=\"300\" height=\"200\" srcset=\"https:\/\/blogg.sh.se\/biologiskt_kulturarv\/wp-content\/uploads\/2017\/09\/bild-8-300x200.jpg 300w, https:\/\/blogg.sh.se\/biologiskt_kulturarv\/wp-content\/uploads\/2017\/09\/bild-8-580x386.jpg 580w, https:\/\/blogg.sh.se\/biologiskt_kulturarv\/wp-content\/uploads\/2017\/09\/bild-8.jpg 618w\" sizes=\"(max-width: 300px) 100vw, 300px\" \/><\/a><figcaption id=\"caption-attachment-92\" class=\"wp-caption-text\">I September 2016, tok Heidi og Trond imot oss under en internasjonal konferanse som NIBIO arrangerte i Trondheim. Vel femti forskere fra 13-14 ulike land fikk vandre gjennom sl\u00e5ttemarkene, h\u00f8re om skj\u00f8tselsarbeidet og oppleve flott musikk. Foto: B. Bele\/NIBIO.<\/figcaption><\/figure>\n<figure id=\"attachment_93\" aria-describedby=\"caption-attachment-93\" style=\"width: 300px\" class=\"wp-caption alignnone\"><a href=\"http:\/\/blogg.sh.se\/biologiskt_kulturarv\/wp-content\/uploads\/2017\/09\/bild-9.jpg\"><img loading=\"lazy\" class=\"size-medium wp-image-93\" src=\"http:\/\/blogg.sh.se\/biologiskt_kulturarv\/wp-content\/uploads\/2017\/09\/bild-9-300x199.jpg\" alt=\"\" width=\"300\" height=\"199\" srcset=\"https:\/\/blogg.sh.se\/biologiskt_kulturarv\/wp-content\/uploads\/2017\/09\/bild-9-300x199.jpg 300w, https:\/\/blogg.sh.se\/biologiskt_kulturarv\/wp-content\/uploads\/2017\/09\/bild-9-580x385.jpg 580w, https:\/\/blogg.sh.se\/biologiskt_kulturarv\/wp-content\/uploads\/2017\/09\/bild-9.jpg 625w\" sizes=\"(max-width: 300px) 100vw, 300px\" \/><\/a><figcaption id=\"caption-attachment-93\" class=\"wp-caption-text\">Ei lydh\u00f8r forsamling tar til seg kunnskap om sl\u00e5ttemarkene. Foto: B. Bele\/NIBIO.<\/figcaption><\/figure>\n<figure id=\"attachment_94\" aria-describedby=\"caption-attachment-94\" style=\"width: 300px\" class=\"wp-caption alignnone\"><a href=\"http:\/\/blogg.sh.se\/biologiskt_kulturarv\/wp-content\/uploads\/2017\/09\/bild-10.jpg\"><img loading=\"lazy\" class=\"size-medium wp-image-94\" src=\"http:\/\/blogg.sh.se\/biologiskt_kulturarv\/wp-content\/uploads\/2017\/09\/bild-10-300x199.jpg\" alt=\"\" width=\"300\" height=\"199\" srcset=\"https:\/\/blogg.sh.se\/biologiskt_kulturarv\/wp-content\/uploads\/2017\/09\/bild-10-300x199.jpg 300w, https:\/\/blogg.sh.se\/biologiskt_kulturarv\/wp-content\/uploads\/2017\/09\/bild-10-768x510.jpg 768w, https:\/\/blogg.sh.se\/biologiskt_kulturarv\/wp-content\/uploads\/2017\/09\/bild-10-580x386.jpg 580w, https:\/\/blogg.sh.se\/biologiskt_kulturarv\/wp-content\/uploads\/2017\/09\/bild-10.jpg 838w\" sizes=\"(max-width: 300px) 100vw, 300px\" \/><\/a><figcaption id=\"caption-attachment-94\" class=\"wp-caption-text\">Vegard ved den gamle l\u00f8a p\u00e5 Klipvollen. Foto: B. Bele\/NIBIO.<\/figcaption><\/figure>\n<figure id=\"attachment_95\" aria-describedby=\"caption-attachment-95\" style=\"width: 300px\" class=\"wp-caption alignnone\"><a href=\"http:\/\/blogg.sh.se\/biologiskt_kulturarv\/wp-content\/uploads\/2017\/09\/bild-11.jpg\"><img loading=\"lazy\" class=\"size-medium wp-image-95\" src=\"http:\/\/blogg.sh.se\/biologiskt_kulturarv\/wp-content\/uploads\/2017\/09\/bild-11-300x199.jpg\" alt=\"\" width=\"300\" height=\"199\" srcset=\"https:\/\/blogg.sh.se\/biologiskt_kulturarv\/wp-content\/uploads\/2017\/09\/bild-11-300x199.jpg 300w, https:\/\/blogg.sh.se\/biologiskt_kulturarv\/wp-content\/uploads\/2017\/09\/bild-11-768x510.jpg 768w, https:\/\/blogg.sh.se\/biologiskt_kulturarv\/wp-content\/uploads\/2017\/09\/bild-11-580x386.jpg 580w, https:\/\/blogg.sh.se\/biologiskt_kulturarv\/wp-content\/uploads\/2017\/09\/bild-11.jpg 832w\" sizes=\"(max-width: 300px) 100vw, 300px\" \/><\/a><figcaption id=\"caption-attachment-95\" class=\"wp-caption-text\">Utsikt fra Klipvollen. Flottere enn dette kan det ikke bli i fjellet en h\u00f8stdag! Foto: B. Bele\/NIBIO.<\/figcaption><\/figure>\n<p><strong>Forbrukerne stilte villig opp <\/strong><\/p>\n<p>F\u00f8rste dag med utpr\u00f8ving av sp\u00f8rreskjemaet ble i Mathallen \u00abSmak og behag\u00bb og \u00abBakeriet Spr\u00f8\u00bb p\u00e5 Oppdal, den 20 Juli. B\u00e5de lokale kunder og turister stilte velvillig opp og svarte p\u00e5 sp\u00f8rsm\u00e5lene.<\/p>\n<p>Samme forbrukerunders\u00f8kelse ble ogs\u00e5 gjennomf\u00f8rt p\u00e5 Eggesetra i Sn\u00e5sa, og utover h\u00f8sten vil Paulina st\u00e5 for bearbeidingen av resultatene.<\/p>\n<p><a href=\"http:\/\/blogg.sh.se\/biologiskt_kulturarv\/wp-content\/uploads\/2017\/09\/bild-12.jpg\"><img loading=\"lazy\" class=\"alignnone size-medium wp-image-96\" src=\"http:\/\/blogg.sh.se\/biologiskt_kulturarv\/wp-content\/uploads\/2017\/09\/bild-12-300x200.jpg\" alt=\"\" width=\"300\" height=\"200\" srcset=\"https:\/\/blogg.sh.se\/biologiskt_kulturarv\/wp-content\/uploads\/2017\/09\/bild-12-300x200.jpg 300w, https:\/\/blogg.sh.se\/biologiskt_kulturarv\/wp-content\/uploads\/2017\/09\/bild-12-580x386.jpg 580w, https:\/\/blogg.sh.se\/biologiskt_kulturarv\/wp-content\/uploads\/2017\/09\/bild-12.jpg 651w\" sizes=\"(max-width: 300px) 100vw, 300px\" \/><\/a><\/p>\n<p><em>Sp\u00f8rreunders\u00f8kelsen ble blant annet gjennomf\u00f8rt hos \u00abSmak og Behag\u00bb og \u00abBakeriet Spr\u00f8\u00bb p\u00e5 Oppdal<\/em>. <em>Foto: B. Bele\/NIBIO.<\/em><\/p>\n<figure id=\"attachment_97\" aria-describedby=\"caption-attachment-97\" style=\"width: 300px\" class=\"wp-caption alignnone\"><a href=\"http:\/\/blogg.sh.se\/biologiskt_kulturarv\/wp-content\/uploads\/2017\/09\/bild-13.jpg\"><img loading=\"lazy\" class=\"size-medium wp-image-97\" src=\"http:\/\/blogg.sh.se\/biologiskt_kulturarv\/wp-content\/uploads\/2017\/09\/bild-13-300x199.jpg\" alt=\"\" width=\"300\" height=\"199\" srcset=\"https:\/\/blogg.sh.se\/biologiskt_kulturarv\/wp-content\/uploads\/2017\/09\/bild-13-300x199.jpg 300w, https:\/\/blogg.sh.se\/biologiskt_kulturarv\/wp-content\/uploads\/2017\/09\/bild-13-580x385.jpg 580w, https:\/\/blogg.sh.se\/biologiskt_kulturarv\/wp-content\/uploads\/2017\/09\/bild-13.jpg 649w\" sizes=\"(max-width: 300px) 100vw, 300px\" \/><\/a><figcaption id=\"caption-attachment-97\" class=\"wp-caption-text\">Mathallen i Oppdal har et stort utvalg av lokale produkter. Foto: B. Bele\/NIBIO.<\/figcaption><\/figure>\n<p>Text och bilder: Bolette Bele<\/p>\n","protected":false},"excerpt":{"rendered":"<p>Med varsel om at sn\u00f8en allerede har lagt seg i fjella i Tr\u00f8ndelag, er det godt \u00e5 kunne melde om at vi har kommet vel i havn med \u00e5rets feltarbeid! &nbsp; Det ble mange flotte og interessante feltbes\u00f8k hos brukere b\u00e5de i Oppdal, Stj\u00f8rdal og Sn\u00e5sa i l\u00f8pet av sommeren. Hos enkelte av brukerne i &hellip; <\/p>\n<p class=\"link-more\"><a href=\"https:\/\/blogg.sh.se\/biologiskt_kulturarv\/uncategorized\/fra-sor-til-nord-i-trondelag\/\" class=\"more-link\">Forts\u00e4tt l\u00e4sa<span class=\"screen-reader-text\"> \u201dFra s\u00f8r til nord i Tr\u00f8ndelag\u201d<\/span><\/a><\/p>\n","protected":false},"author":2,"featured_media":0,"comment_status":"open","ping_status":"open","sticky":false,"template":"","format":"standard","meta":[],"categories":[1],"tags":[],"_links":{"self":[{"href":"https:\/\/blogg.sh.se\/biologiskt_kulturarv\/wp-json\/wp\/v2\/posts\/84"}],"collection":[{"href":"https:\/\/blogg.sh.se\/biologiskt_kulturarv\/wp-json\/wp\/v2\/posts"}],"about":[{"href":"https:\/\/blogg.sh.se\/biologiskt_kulturarv\/wp-json\/wp\/v2\/types\/post"}],"author":[{"embeddable":true,"href":"https:\/\/blogg.sh.se\/biologiskt_kulturarv\/wp-json\/wp\/v2\/users\/2"}],"replies":[{"embeddable":true,"href":"https:\/\/blogg.sh.se\/biologiskt_kulturarv\/wp-json\/wp\/v2\/comments?post=84"}],"version-history":[{"count":2,"href":"https:\/\/blogg.sh.se\/biologiskt_kulturarv\/wp-json\/wp\/v2\/posts\/84\/revisions"}],"predecessor-version":[{"id":99,"href":"https:\/\/blogg.sh.se\/biologiskt_kulturarv\/wp-json\/wp\/v2\/posts\/84\/revisions\/99"}],"wp:attachment":[{"href":"https:\/\/blogg.sh.se\/biologiskt_kulturarv\/wp-json\/wp\/v2\/media?parent=84"}],"wp:term":[{"taxonomy":"category","embeddable":true,"href":"https:\/\/blogg.sh.se\/biologiskt_kulturarv\/wp-json\/wp\/v2\/categories?post=84"},{"taxonomy":"post_tag","embeddable":true,"href":"https:\/\/blogg.sh.se\/biologiskt_kulturarv\/wp-json\/wp\/v2\/tags?post=84"}],"curies":[{"name":"wp","href":"https:\/\/api.w.org\/{rel}","templated":true}]}}