{"id":80,"date":"2017-09-11T15:09:36","date_gmt":"2017-09-11T15:09:36","guid":{"rendered":"http:\/\/blogg.sh.se\/biologiskt_kulturarv\/?p=80"},"modified":"2017-09-11T15:09:36","modified_gmt":"2017-09-11T15:09:36","slug":"dags-att-anmala-sig-till-var-nasta-workshop-28-30-november","status":"publish","type":"post","link":"https:\/\/blogg.sh.se\/biologiskt_kulturarv\/uncategorized\/dags-att-anmala-sig-till-var-nasta-workshop-28-30-november\/","title":{"rendered":"Dags att anm\u00e4la sig till v\u00e5r n\u00e4sta workshop 28-30 november"},"content":{"rendered":"<p>D\u00e5 var det dags att anm\u00e4la sig till v\u00e5r n\u00e4sta workshop om v\u00e4rdeskapande utifr\u00e5n det biologiska kulturarvet. Prelimin\u00e4rt program, anm\u00e4lningstid, mm finns i l\u00e4nken nedan:<\/p>\n<p><a href=\"http:\/\/blogg.sh.se\/biologiskt_kulturarv\/wp-content\/uploads\/2017\/09\/Invitasjon-til-Workshop_November2017.pdf\">Invitasjon til Workshop_November2017<\/a><\/p>\n","protected":false},"excerpt":{"rendered":"<p>D\u00e5 var det dags att anm\u00e4la sig till v\u00e5r n\u00e4sta workshop om v\u00e4rdeskapande utifr\u00e5n det biologiska kulturarvet. Prelimin\u00e4rt program, anm\u00e4lningstid, mm finns i l\u00e4nken nedan: Invitasjon til Workshop_November2017<\/p>\n","protected":false},"author":2,"featured_media":0,"comment_status":"open","ping_status":"open","sticky":false,"template":"","format":"standard","meta":[],"categories":[1],"tags":[],"_links":{"self":[{"href":"https:\/\/blogg.sh.se\/biologiskt_kulturarv\/wp-json\/wp\/v2\/posts\/80"}],"collection":[{"href":"https:\/\/blogg.sh.se\/biologiskt_kulturarv\/wp-json\/wp\/v2\/posts"}],"about":[{"href":"https:\/\/blogg.sh.se\/biologiskt_kulturarv\/wp-json\/wp\/v2\/types\/post"}],"author":[{"embeddable":true,"href":"https:\/\/blogg.sh.se\/biologiskt_kulturarv\/wp-json\/wp\/v2\/users\/2"}],"replies":[{"embeddable":true,"href":"https:\/\/blogg.sh.se\/biologiskt_kulturarv\/wp-json\/wp\/v2\/comments?post=80"}],"version-history":[{"count":1,"href":"https:\/\/blogg.sh.se\/biologiskt_kulturarv\/wp-json\/wp\/v2\/posts\/80\/revisions"}],"predecessor-version":[{"id":82,"href":"https:\/\/blogg.sh.se\/biologiskt_kulturarv\/wp-json\/wp\/v2\/posts\/80\/revisions\/82"}],"wp:attachment":[{"href":"https:\/\/blogg.sh.se\/biologiskt_kulturarv\/wp-json\/wp\/v2\/media?parent=80"}],"wp:term":[{"taxonomy":"category","embeddable":true,"href":"https:\/\/blogg.sh.se\/biologiskt_kulturarv\/wp-json\/wp\/v2\/categories?post=80"},{"taxonomy":"post_tag","embeddable":true,"href":"https:\/\/blogg.sh.se\/biologiskt_kulturarv\/wp-json\/wp\/v2\/tags?post=80"}],"curies":[{"name":"wp","href":"https:\/\/api.w.org\/{rel}","templated":true}]}}