{"id":76,"date":"2017-09-04T11:24:15","date_gmt":"2017-09-04T11:24:15","guid":{"rendered":"http:\/\/blogg.sh.se\/biologiskt_kulturarv\/?p=76"},"modified":"2017-09-04T11:24:15","modified_gmt":"2017-09-04T11:24:15","slug":"snart-ar-det-fabodriksdag-och-da-ar-vi-pa-plats","status":"publish","type":"post","link":"https:\/\/blogg.sh.se\/biologiskt_kulturarv\/uncategorized\/snart-ar-det-fabodriksdag-och-da-ar-vi-pa-plats\/","title":{"rendered":"Snart \u00e4r det f\u00e4bodriksdag och d\u00e5 \u00e4r vi p\u00e5 plats&#8230;"},"content":{"rendered":"<p>Den 16 september kommer \u00e5rets f\u00e4bodriksdag att \u00e4ga rum under temat &#8221;KULTURARVET \u00a0EN NYCKEL TILL FRAMTIDEN &#8211; Kan utmarksbruk bli framtidsbruk?<\/p>\n<p>V\u00e5r egen H\u00e5kan Tun\u00f3n kommer att tala om &#8221;Lokal Traditionell kunskap och Sedvanebruk. (Konventionen om biologisk m\u00e5ngfald) och \u00a0artiklarna 8j och 10c&#8221;.<\/p>\n<p>Vi ser fram emot denna j\u00e4tteintressanta aktivitet och ser fram emot att se m\u00e5nga av er d\u00e4r. Information om hela programmet och hur man anm\u00e4ler sig finns bifogad som bilaga.<\/p>\n<p><a href=\"http:\/\/blogg.sh.se\/biologiskt_kulturarv\/wp-content\/uploads\/2017\/09\/Kulturarvet-en-nyckel-till-framtiden-riksdag-och-FSF5b15d-1.pdf\">Kulturarvet en nyckel till framtiden riksdag och FSF1 (1)<\/a><\/p>\n","protected":false},"excerpt":{"rendered":"<p>Den 16 september kommer \u00e5rets f\u00e4bodriksdag att \u00e4ga rum under temat &#8221;KULTURARVET \u00a0EN NYCKEL TILL FRAMTIDEN &#8211; Kan utmarksbruk bli framtidsbruk? V\u00e5r egen H\u00e5kan Tun\u00f3n kommer att tala om &#8221;Lokal Traditionell kunskap och Sedvanebruk. (Konventionen om biologisk m\u00e5ngfald) och \u00a0artiklarna 8j och 10c&#8221;. Vi ser fram emot denna j\u00e4tteintressanta aktivitet och ser fram emot att &hellip; <\/p>\n<p class=\"link-more\"><a href=\"https:\/\/blogg.sh.se\/biologiskt_kulturarv\/uncategorized\/snart-ar-det-fabodriksdag-och-da-ar-vi-pa-plats\/\" class=\"more-link\">Forts\u00e4tt l\u00e4sa<span class=\"screen-reader-text\"> \u201dSnart \u00e4r det f\u00e4bodriksdag och d\u00e5 \u00e4r vi p\u00e5 plats&#8230;\u201d<\/span><\/a><\/p>\n","protected":false},"author":2,"featured_media":0,"comment_status":"open","ping_status":"open","sticky":false,"template":"","format":"standard","meta":[],"categories":[1],"tags":[],"_links":{"self":[{"href":"https:\/\/blogg.sh.se\/biologiskt_kulturarv\/wp-json\/wp\/v2\/posts\/76"}],"collection":[{"href":"https:\/\/blogg.sh.se\/biologiskt_kulturarv\/wp-json\/wp\/v2\/posts"}],"about":[{"href":"https:\/\/blogg.sh.se\/biologiskt_kulturarv\/wp-json\/wp\/v2\/types\/post"}],"author":[{"embeddable":true,"href":"https:\/\/blogg.sh.se\/biologiskt_kulturarv\/wp-json\/wp\/v2\/users\/2"}],"replies":[{"embeddable":true,"href":"https:\/\/blogg.sh.se\/biologiskt_kulturarv\/wp-json\/wp\/v2\/comments?post=76"}],"version-history":[{"count":1,"href":"https:\/\/blogg.sh.se\/biologiskt_kulturarv\/wp-json\/wp\/v2\/posts\/76\/revisions"}],"predecessor-version":[{"id":78,"href":"https:\/\/blogg.sh.se\/biologiskt_kulturarv\/wp-json\/wp\/v2\/posts\/76\/revisions\/78"}],"wp:attachment":[{"href":"https:\/\/blogg.sh.se\/biologiskt_kulturarv\/wp-json\/wp\/v2\/media?parent=76"}],"wp:term":[{"taxonomy":"category","embeddable":true,"href":"https:\/\/blogg.sh.se\/biologiskt_kulturarv\/wp-json\/wp\/v2\/categories?post=76"},{"taxonomy":"post_tag","embeddable":true,"href":"https:\/\/blogg.sh.se\/biologiskt_kulturarv\/wp-json\/wp\/v2\/tags?post=76"}],"curies":[{"name":"wp","href":"https:\/\/api.w.org\/{rel}","templated":true}]}}