{"id":58,"date":"2017-07-05T11:30:56","date_gmt":"2017-07-05T11:30:56","guid":{"rendered":"http:\/\/blogg.sh.se\/biologiskt_kulturarv\/?p=58"},"modified":"2017-07-05T11:30:56","modified_gmt":"2017-07-05T11:30:56","slug":"en-fantastisk-faltresa","status":"publish","type":"post","link":"https:\/\/blogg.sh.se\/biologiskt_kulturarv\/uncategorized\/en-fantastisk-faltresa\/","title":{"rendered":"En fantastisk f\u00e4ltresa&#8230;"},"content":{"rendered":"<p>Sedan f\u00f6rsta juli har vi varit p\u00e5 resande fot. Syftet med resan har varit att intervjua kunder om varf\u00f6r de k\u00f6per f\u00e4bodprodukter och mathantverk, om vari v\u00e4rdet med f\u00e4bodprodukter och mathantverk ligger och hur de tror att verksamheterna kan utvecklas f\u00f6r att \u00f6ka l\u00f6nsamheten f\u00f6r\u00a0f\u00e4bodbrukare och mathantverkare.<\/p>\n<p>Vad \u00e4r svaret? Ja, det finns en uppsj\u00f6 av svar, men n\u00e5gra gemensamma n\u00e4mnare \u00e4r att det skall vara genuint och att man vill bidra till levande landsbygd. En f\u00f6rsta delrapport om detta kommer i b\u00f6rjan av h\u00f6sten och\u00a0resultatet kommer att anv\u00e4ndas av de\u00a0f\u00e4bodbrukare som deltar i projektet som ett underlag f\u00f6r utveckling av deras verksamheter. Men vi kommer att forts\u00e4tta att genomf\u00f6ra kundintervjuer under projektets g\u00e5ng b\u00e5de i Sverige och i Norge &#8211; \u00a0och vem vet? N\u00e4sta g\u00e5ng \u00e4r det kanske dig vi fr\u00e5gar!<\/p>\n<p>Vi vill passa p\u00e5 att bjuda er alla\u00a0p\u00e5 n\u00e5gra vackra bilder och \u00f6nska er alla en riktigt \u00a0GLAD SOMMAR! Forts\u00e4ttning f\u00f6ljer i augusti&#8230;<\/p>\n<p>&nbsp;<\/p>\n<p>G\u00e5rdscaf\u00e9et p\u00e5 Svedbovallen. Bara traditionell f\u00e4bodmat, bland annat en fantastisk H\u00e4lsingekaka (ostkaka, inte alls som sm\u00e5l\u00e4ndsk ostkaka, annorlunda men j\u00e4ttesmarrig).<\/p>\n<p><a href=\"http:\/\/blogg.sh.se\/biologiskt_kulturarv\/wp-content\/uploads\/2017\/07\/20170702_131023.jpg\"><img loading=\"lazy\" class=\"alignnone size-medium wp-image-59\" src=\"http:\/\/blogg.sh.se\/biologiskt_kulturarv\/wp-content\/uploads\/2017\/07\/20170702_131023-300x169.jpg\" alt=\"\" width=\"300\" height=\"169\" srcset=\"https:\/\/blogg.sh.se\/biologiskt_kulturarv\/wp-content\/uploads\/2017\/07\/20170702_131023-300x169.jpg 300w, https:\/\/blogg.sh.se\/biologiskt_kulturarv\/wp-content\/uploads\/2017\/07\/20170702_131023-768x432.jpg 768w, https:\/\/blogg.sh.se\/biologiskt_kulturarv\/wp-content\/uploads\/2017\/07\/20170702_131023-1024x576.jpg 1024w, https:\/\/blogg.sh.se\/biologiskt_kulturarv\/wp-content\/uploads\/2017\/07\/20170702_131023-580x326.jpg 580w\" sizes=\"(max-width: 300px) 100vw, 300px\" \/><\/a><\/p>\n<p>En liten nyf\u00f6dd kalv. Ingen visste att kossan var dr\u00e4ktig men han \u00e4r s\u00e5 varmt v\u00e4lkommen! Och j\u00e4ttes\u00f6t. Personalen p\u00e5 vallen var fantastiska n\u00e4r de tog hand om honom. Louise, Charlotte, M\u00e4rit och alla ni andra &#8211; ni \u00e4r riktiga hj\u00e4ltar &lt;3<\/p>\n<p>Och alla volont\u00e4rerna som kommer och bidrar till bevarandet av detta kulturarv. Ert arbete \u00e4r s\u00e5 viktigt!<\/p>\n<p><a href=\"http:\/\/blogg.sh.se\/biologiskt_kulturarv\/wp-content\/uploads\/2017\/07\/20170702_182055.jpg\"><img loading=\"lazy\" class=\"alignnone size-medium wp-image-60\" src=\"http:\/\/blogg.sh.se\/biologiskt_kulturarv\/wp-content\/uploads\/2017\/07\/20170702_182055-300x169.jpg\" alt=\"\" width=\"300\" height=\"169\" srcset=\"https:\/\/blogg.sh.se\/biologiskt_kulturarv\/wp-content\/uploads\/2017\/07\/20170702_182055-300x169.jpg 300w, https:\/\/blogg.sh.se\/biologiskt_kulturarv\/wp-content\/uploads\/2017\/07\/20170702_182055-768x432.jpg 768w, https:\/\/blogg.sh.se\/biologiskt_kulturarv\/wp-content\/uploads\/2017\/07\/20170702_182055-1024x576.jpg 1024w, https:\/\/blogg.sh.se\/biologiskt_kulturarv\/wp-content\/uploads\/2017\/07\/20170702_182055-580x326.jpg 580w\" sizes=\"(max-width: 300px) 100vw, 300px\" \/><\/a><\/p>\n<p>Ute i hagen&#8230;muuuuuuuuu<\/p>\n<p><a href=\"http:\/\/blogg.sh.se\/biologiskt_kulturarv\/wp-content\/uploads\/2017\/07\/20170702_133723.jpg\"><img loading=\"lazy\" class=\"alignnone size-medium wp-image-61\" src=\"http:\/\/blogg.sh.se\/biologiskt_kulturarv\/wp-content\/uploads\/2017\/07\/20170702_133723-300x169.jpg\" alt=\"\" width=\"300\" height=\"169\" srcset=\"https:\/\/blogg.sh.se\/biologiskt_kulturarv\/wp-content\/uploads\/2017\/07\/20170702_133723-300x169.jpg 300w, https:\/\/blogg.sh.se\/biologiskt_kulturarv\/wp-content\/uploads\/2017\/07\/20170702_133723-768x432.jpg 768w, https:\/\/blogg.sh.se\/biologiskt_kulturarv\/wp-content\/uploads\/2017\/07\/20170702_133723-1024x576.jpg 1024w, https:\/\/blogg.sh.se\/biologiskt_kulturarv\/wp-content\/uploads\/2017\/07\/20170702_133723-580x326.jpg 580w\" sizes=\"(max-width: 300px) 100vw, 300px\" \/><\/a><\/p>\n<p>Fantastiska M\u00e4rit p\u00e5 Svedbovallen och H\u00e5kan Tun\u00f3n (SLU) \u00e4r p\u00e5 scen f\u00f6r att ber\u00e4tta om v\u00e5r unders\u00f6kning. Bes\u00f6karna p\u00e5 matfestivalen Mol\u00e4ta i J\u00e4rvs\u00f6 var hyggliga och st\u00e4llde upp med m\u00e5nga kloka svar. Stort tack till LRF i G\u00e4vleborg som gav oss chansen att vara med och prata med bes\u00f6karna.<\/p>\n<p><a href=\"http:\/\/blogg.sh.se\/biologiskt_kulturarv\/wp-content\/uploads\/2017\/07\/20170703_173248.jpg\"><img loading=\"lazy\" class=\"alignnone size-medium wp-image-62\" src=\"http:\/\/blogg.sh.se\/biologiskt_kulturarv\/wp-content\/uploads\/2017\/07\/20170703_173248-300x169.jpg\" alt=\"\" width=\"300\" height=\"169\" srcset=\"https:\/\/blogg.sh.se\/biologiskt_kulturarv\/wp-content\/uploads\/2017\/07\/20170703_173248-300x169.jpg 300w, https:\/\/blogg.sh.se\/biologiskt_kulturarv\/wp-content\/uploads\/2017\/07\/20170703_173248-768x432.jpg 768w, https:\/\/blogg.sh.se\/biologiskt_kulturarv\/wp-content\/uploads\/2017\/07\/20170703_173248-1024x576.jpg 1024w, https:\/\/blogg.sh.se\/biologiskt_kulturarv\/wp-content\/uploads\/2017\/07\/20170703_173248-580x326.jpg 580w\" sizes=\"(max-width: 300px) 100vw, 300px\" \/><\/a><\/p>\n<p>Caf\u00e9et p\u00e5 Mittjasvallen<\/p>\n<p><a href=\"http:\/\/blogg.sh.se\/biologiskt_kulturarv\/wp-content\/uploads\/2017\/07\/bild-2.jpg\"><img loading=\"lazy\" class=\"alignnone size-medium wp-image-63\" src=\"http:\/\/blogg.sh.se\/biologiskt_kulturarv\/wp-content\/uploads\/2017\/07\/bild-2-300x169.jpg\" alt=\"\" width=\"300\" height=\"169\" srcset=\"https:\/\/blogg.sh.se\/biologiskt_kulturarv\/wp-content\/uploads\/2017\/07\/bild-2-300x169.jpg 300w, https:\/\/blogg.sh.se\/biologiskt_kulturarv\/wp-content\/uploads\/2017\/07\/bild-2-768x432.jpg 768w, https:\/\/blogg.sh.se\/biologiskt_kulturarv\/wp-content\/uploads\/2017\/07\/bild-2-580x326.jpg 580w, https:\/\/blogg.sh.se\/biologiskt_kulturarv\/wp-content\/uploads\/2017\/07\/bild-2.jpg 960w\" sizes=\"(max-width: 300px) 100vw, 300px\" \/><\/a><\/p>\n<p>Entr\u00e9n p\u00e5 Mittjasvallen. H\u00e4r betalar man intr\u00e4de &#8211; det \u00e4r ett av m\u00e5nga bidrag fr\u00e5n bes\u00f6karna f\u00f6r att hj\u00e4lpa till att h\u00e5lla ig\u00e5ng verksamheten.<\/p>\n<p><a href=\"http:\/\/blogg.sh.se\/biologiskt_kulturarv\/wp-content\/uploads\/2017\/07\/bild-3.jpg\"><img loading=\"lazy\" class=\"alignnone size-medium wp-image-65\" src=\"http:\/\/blogg.sh.se\/biologiskt_kulturarv\/wp-content\/uploads\/2017\/07\/bild-3-165x300.jpg\" alt=\"\" width=\"165\" height=\"300\" srcset=\"https:\/\/blogg.sh.se\/biologiskt_kulturarv\/wp-content\/uploads\/2017\/07\/bild-3-165x300.jpg 165w, https:\/\/blogg.sh.se\/biologiskt_kulturarv\/wp-content\/uploads\/2017\/07\/bild-3.jpg 528w\" sizes=\"(max-width: 165px) 100vw, 165px\" \/><\/a><\/p>\n<p>H\u00e5kan Tun\u00f3n och Lars Mittjas i glatt samspr\u00e5k om djuren och naturen, ja faktiskt r\u00e4tt mycket om de j\u00e4ttegulliga kattungarna som ju \u00e4r vallens viktigaste attraktion.<\/p>\n<p><a href=\"http:\/\/blogg.sh.se\/biologiskt_kulturarv\/wp-content\/uploads\/2017\/07\/19702172_1723940054301056_3339474051845046847_n.jpg\"><img loading=\"lazy\" class=\"alignnone size-medium wp-image-64\" src=\"http:\/\/blogg.sh.se\/biologiskt_kulturarv\/wp-content\/uploads\/2017\/07\/19702172_1723940054301056_3339474051845046847_n-300x169.jpg\" alt=\"\" width=\"300\" height=\"169\" srcset=\"https:\/\/blogg.sh.se\/biologiskt_kulturarv\/wp-content\/uploads\/2017\/07\/19702172_1723940054301056_3339474051845046847_n-300x169.jpg 300w, https:\/\/blogg.sh.se\/biologiskt_kulturarv\/wp-content\/uploads\/2017\/07\/19702172_1723940054301056_3339474051845046847_n-768x432.jpg 768w, https:\/\/blogg.sh.se\/biologiskt_kulturarv\/wp-content\/uploads\/2017\/07\/19702172_1723940054301056_3339474051845046847_n-580x326.jpg 580w, https:\/\/blogg.sh.se\/biologiskt_kulturarv\/wp-content\/uploads\/2017\/07\/19702172_1723940054301056_3339474051845046847_n.jpg 960w\" sizes=\"(max-width: 300px) 100vw, 300px\" \/><\/a><\/p>\n<p>Bakom kameran st\u00e5r Paulina Rytk\u00f6nen som hellre leker fotograf \u00e4n modell \ud83d\ude42<\/p>\n","protected":false},"excerpt":{"rendered":"<p>Sedan f\u00f6rsta juli har vi varit p\u00e5 resande fot. Syftet med resan har varit att intervjua kunder om varf\u00f6r de k\u00f6per f\u00e4bodprodukter och mathantverk, om vari v\u00e4rdet med f\u00e4bodprodukter och mathantverk ligger och hur de tror att verksamheterna kan utvecklas f\u00f6r att \u00f6ka l\u00f6nsamheten f\u00f6r\u00a0f\u00e4bodbrukare och mathantverkare. Vad \u00e4r svaret? Ja, det finns en uppsj\u00f6 &hellip; <\/p>\n<p class=\"link-more\"><a href=\"https:\/\/blogg.sh.se\/biologiskt_kulturarv\/uncategorized\/en-fantastisk-faltresa\/\" class=\"more-link\">Forts\u00e4tt l\u00e4sa<span class=\"screen-reader-text\"> \u201dEn fantastisk f\u00e4ltresa&#8230;\u201d<\/span><\/a><\/p>\n","protected":false},"author":2,"featured_media":0,"comment_status":"open","ping_status":"open","sticky":false,"template":"","format":"standard","meta":[],"categories":[1],"tags":[],"_links":{"self":[{"href":"https:\/\/blogg.sh.se\/biologiskt_kulturarv\/wp-json\/wp\/v2\/posts\/58"}],"collection":[{"href":"https:\/\/blogg.sh.se\/biologiskt_kulturarv\/wp-json\/wp\/v2\/posts"}],"about":[{"href":"https:\/\/blogg.sh.se\/biologiskt_kulturarv\/wp-json\/wp\/v2\/types\/post"}],"author":[{"embeddable":true,"href":"https:\/\/blogg.sh.se\/biologiskt_kulturarv\/wp-json\/wp\/v2\/users\/2"}],"replies":[{"embeddable":true,"href":"https:\/\/blogg.sh.se\/biologiskt_kulturarv\/wp-json\/wp\/v2\/comments?post=58"}],"version-history":[{"count":4,"href":"https:\/\/blogg.sh.se\/biologiskt_kulturarv\/wp-json\/wp\/v2\/posts\/58\/revisions"}],"predecessor-version":[{"id":70,"href":"https:\/\/blogg.sh.se\/biologiskt_kulturarv\/wp-json\/wp\/v2\/posts\/58\/revisions\/70"}],"wp:attachment":[{"href":"https:\/\/blogg.sh.se\/biologiskt_kulturarv\/wp-json\/wp\/v2\/media?parent=58"}],"wp:term":[{"taxonomy":"category","embeddable":true,"href":"https:\/\/blogg.sh.se\/biologiskt_kulturarv\/wp-json\/wp\/v2\/categories?post=58"},{"taxonomy":"post_tag","embeddable":true,"href":"https:\/\/blogg.sh.se\/biologiskt_kulturarv\/wp-json\/wp\/v2\/tags?post=58"}],"curies":[{"name":"wp","href":"https:\/\/api.w.org\/{rel}","templated":true}]}}