{"id":278,"date":"2019-04-04T11:42:01","date_gmt":"2019-04-04T11:42:01","guid":{"rendered":"http:\/\/blogg.sh.se\/biologiskt_kulturarv\/?p=278"},"modified":"2019-04-04T11:43:05","modified_gmt":"2019-04-04T11:43:05","slug":"da-har-den-antligen-kommit","status":"publish","type":"post","link":"https:\/\/blogg.sh.se\/biologiskt_kulturarv\/uncategorized\/da-har-den-antligen-kommit\/","title":{"rendered":"D\u00e5 har den \u00e4ntligen kommit!!!"},"content":{"rendered":"<p><a href=\"http:\/\/blogg.sh.se\/biologiskt_kulturarv\/wp-content\/uploads\/2019\/04\/20190325_1137401-e1554377996156.jpg\"><img loading=\"lazy\" class=\"alignnone size-medium wp-image-279\" src=\"http:\/\/blogg.sh.se\/biologiskt_kulturarv\/wp-content\/uploads\/2019\/04\/20190325_1137401-e1554377996156-169x300.jpg\" alt=\"\" width=\"169\" height=\"300\" srcset=\"https:\/\/blogg.sh.se\/biologiskt_kulturarv\/wp-content\/uploads\/2019\/04\/20190325_1137401-e1554377996156-169x300.jpg 169w, https:\/\/blogg.sh.se\/biologiskt_kulturarv\/wp-content\/uploads\/2019\/04\/20190325_1137401-e1554377996156-768x1365.jpg 768w, https:\/\/blogg.sh.se\/biologiskt_kulturarv\/wp-content\/uploads\/2019\/04\/20190325_1137401-e1554377996156-576x1024.jpg 576w, https:\/\/blogg.sh.se\/biologiskt_kulturarv\/wp-content\/uploads\/2019\/04\/20190325_1137401-e1554377996156-580x1031.jpg 580w\" sizes=\"(max-width: 169px) 100vw, 169px\" \/><\/a><\/p>\n<p>Fantastiska f\u00e4bodboken rykande f\u00e4rsk och skriven av duktiga duon Bolette Bele fr\u00e5n NIBIO och H\u00e5kan Tun\u00f3n fr\u00e5n SLU.<\/p>\n<p>&nbsp;<\/p>\n","protected":false},"excerpt":{"rendered":"<p>Fantastiska f\u00e4bodboken rykande f\u00e4rsk och skriven av duktiga duon Bolette Bele fr\u00e5n NIBIO och H\u00e5kan Tun\u00f3n fr\u00e5n SLU. &nbsp;<\/p>\n","protected":false},"author":2,"featured_media":0,"comment_status":"open","ping_status":"open","sticky":false,"template":"","format":"standard","meta":[],"categories":[1],"tags":[],"_links":{"self":[{"href":"https:\/\/blogg.sh.se\/biologiskt_kulturarv\/wp-json\/wp\/v2\/posts\/278"}],"collection":[{"href":"https:\/\/blogg.sh.se\/biologiskt_kulturarv\/wp-json\/wp\/v2\/posts"}],"about":[{"href":"https:\/\/blogg.sh.se\/biologiskt_kulturarv\/wp-json\/wp\/v2\/types\/post"}],"author":[{"embeddable":true,"href":"https:\/\/blogg.sh.se\/biologiskt_kulturarv\/wp-json\/wp\/v2\/users\/2"}],"replies":[{"embeddable":true,"href":"https:\/\/blogg.sh.se\/biologiskt_kulturarv\/wp-json\/wp\/v2\/comments?post=278"}],"version-history":[{"count":2,"href":"https:\/\/blogg.sh.se\/biologiskt_kulturarv\/wp-json\/wp\/v2\/posts\/278\/revisions"}],"predecessor-version":[{"id":281,"href":"https:\/\/blogg.sh.se\/biologiskt_kulturarv\/wp-json\/wp\/v2\/posts\/278\/revisions\/281"}],"wp:attachment":[{"href":"https:\/\/blogg.sh.se\/biologiskt_kulturarv\/wp-json\/wp\/v2\/media?parent=278"}],"wp:term":[{"taxonomy":"category","embeddable":true,"href":"https:\/\/blogg.sh.se\/biologiskt_kulturarv\/wp-json\/wp\/v2\/categories?post=278"},{"taxonomy":"post_tag","embeddable":true,"href":"https:\/\/blogg.sh.se\/biologiskt_kulturarv\/wp-json\/wp\/v2\/tags?post=278"}],"curies":[{"name":"wp","href":"https:\/\/api.w.org\/{rel}","templated":true}]}}