{"id":271,"date":"2019-03-12T06:55:28","date_gmt":"2019-03-12T06:55:28","guid":{"rendered":"http:\/\/blogg.sh.se\/biologiskt_kulturarv\/?p=271"},"modified":"2019-03-12T06:55:28","modified_gmt":"2019-03-12T06:55:28","slug":"pa-besok-i-ovanaker","status":"publish","type":"post","link":"https:\/\/blogg.sh.se\/biologiskt_kulturarv\/uncategorized\/pa-besok-i-ovanaker\/","title":{"rendered":"P\u00e5 bes\u00f6k i Ovan\u00e5ker"},"content":{"rendered":"<p>&nbsp;<\/p>\n<p><a href=\"http:\/\/blogg.sh.se\/biologiskt_kulturarv\/wp-content\/uploads\/2019\/03\/20190309_122911.jpg\"><img loading=\"lazy\" class=\"alignnone size-medium wp-image-272\" src=\"http:\/\/blogg.sh.se\/biologiskt_kulturarv\/wp-content\/uploads\/2019\/03\/20190309_122911-300x169.jpg\" alt=\"\" width=\"300\" height=\"169\" srcset=\"https:\/\/blogg.sh.se\/biologiskt_kulturarv\/wp-content\/uploads\/2019\/03\/20190309_122911-300x169.jpg 300w, https:\/\/blogg.sh.se\/biologiskt_kulturarv\/wp-content\/uploads\/2019\/03\/20190309_122911-768x432.jpg 768w, https:\/\/blogg.sh.se\/biologiskt_kulturarv\/wp-content\/uploads\/2019\/03\/20190309_122911-1024x576.jpg 1024w, https:\/\/blogg.sh.se\/biologiskt_kulturarv\/wp-content\/uploads\/2019\/03\/20190309_122911-580x326.jpg 580w\" sizes=\"(max-width: 300px) 100vw, 300px\" \/><\/a> <a href=\"http:\/\/blogg.sh.se\/biologiskt_kulturarv\/wp-content\/uploads\/2019\/03\/20190309_122959.jpg\"><img loading=\"lazy\" class=\"alignnone size-medium wp-image-273\" src=\"http:\/\/blogg.sh.se\/biologiskt_kulturarv\/wp-content\/uploads\/2019\/03\/20190309_122959-300x169.jpg\" alt=\"\" width=\"300\" height=\"169\" srcset=\"https:\/\/blogg.sh.se\/biologiskt_kulturarv\/wp-content\/uploads\/2019\/03\/20190309_122959-300x169.jpg 300w, https:\/\/blogg.sh.se\/biologiskt_kulturarv\/wp-content\/uploads\/2019\/03\/20190309_122959-768x432.jpg 768w, https:\/\/blogg.sh.se\/biologiskt_kulturarv\/wp-content\/uploads\/2019\/03\/20190309_122959-1024x576.jpg 1024w, https:\/\/blogg.sh.se\/biologiskt_kulturarv\/wp-content\/uploads\/2019\/03\/20190309_122959-580x326.jpg 580w\" sizes=\"(max-width: 300px) 100vw, 300px\" \/><\/a> <a href=\"http:\/\/blogg.sh.se\/biologiskt_kulturarv\/wp-content\/uploads\/2019\/03\/20190309_143208.jpg\"><img loading=\"lazy\" class=\"alignnone size-medium wp-image-274\" src=\"http:\/\/blogg.sh.se\/biologiskt_kulturarv\/wp-content\/uploads\/2019\/03\/20190309_143208-300x169.jpg\" alt=\"\" width=\"300\" height=\"169\" srcset=\"https:\/\/blogg.sh.se\/biologiskt_kulturarv\/wp-content\/uploads\/2019\/03\/20190309_143208-300x169.jpg 300w, https:\/\/blogg.sh.se\/biologiskt_kulturarv\/wp-content\/uploads\/2019\/03\/20190309_143208-768x432.jpg 768w, https:\/\/blogg.sh.se\/biologiskt_kulturarv\/wp-content\/uploads\/2019\/03\/20190309_143208-1024x576.jpg 1024w, https:\/\/blogg.sh.se\/biologiskt_kulturarv\/wp-content\/uploads\/2019\/03\/20190309_143208-580x326.jpg 580w\" sizes=\"(max-width: 300px) 100vw, 300px\" \/><\/a> <a href=\"http:\/\/blogg.sh.se\/biologiskt_kulturarv\/wp-content\/uploads\/2019\/03\/20190309_143333.jpg\"><img loading=\"lazy\" class=\"alignnone size-medium wp-image-275\" src=\"http:\/\/blogg.sh.se\/biologiskt_kulturarv\/wp-content\/uploads\/2019\/03\/20190309_143333-300x169.jpg\" alt=\"\" width=\"300\" height=\"169\" srcset=\"https:\/\/blogg.sh.se\/biologiskt_kulturarv\/wp-content\/uploads\/2019\/03\/20190309_143333-300x169.jpg 300w, https:\/\/blogg.sh.se\/biologiskt_kulturarv\/wp-content\/uploads\/2019\/03\/20190309_143333-768x432.jpg 768w, https:\/\/blogg.sh.se\/biologiskt_kulturarv\/wp-content\/uploads\/2019\/03\/20190309_143333-1024x576.jpg 1024w, https:\/\/blogg.sh.se\/biologiskt_kulturarv\/wp-content\/uploads\/2019\/03\/20190309_143333-580x326.jpg 580w\" sizes=\"(max-width: 300px) 100vw, 300px\" \/><\/a><\/p>\n<p>L\u00f6rdagen den 9 mars var vi p\u00e5 bes\u00f6k i Ovan\u00e5ker. Vi presenterade projektresultaten s\u00e5h\u00e4r l\u00e5ngt f\u00f6r styrelsen f\u00f6r F\u00f6reningen f\u00f6r f\u00e4bod- och utmarksbruk. M\u00f6tesdeltagarna \u00e4r b\u00e5de kloka och kunniga i alla de fr\u00e5gor som vi arbetar med s\u00e5 vi fick fantastisk input inf\u00f6r slutspurten. Att m\u00f6tet sedan skedde i en s\u00e5dan vacker milj\u00f6 gjorde bara saken b\u00e4ttre.<\/p>\n<p>En v\u00e4ldigt intressant diskussionspunkt p\u00e5 m\u00f6tet var fr\u00e5gan om gr\u00f6dkoder. Nedan finns ett inl\u00e4gg i diskussionen som\u00a0Carin Gissl\u00e9n-Sch\u00f6nning skickade till oss efter m\u00f6tet. Viktigt! Nedan finns hennes text i sin helhet.<\/p>\n<hr \/>\n<p><strong><em>\u00a0\u00a0\u00a0\u00a0\u00a0\u00a0\u00a0\u00a0\u00a0\u00a0\u00a0\u00a0\u00a0\u00a0\u00a0\u00a0\u00a0\u00a0\u00a0\u00a0\u00a0\u00a0\u00a0\u00a0\u00a0\u00a0\u00a0\u00a0\u00a0\u00a0\u00a0\u00a0\u00a0\u00a0\u00a0\u00a0\u00a0\u00a0\u00a0\u00a0\u00a0\u00a0\u00a0\u00a0\u00a0\u00a0\u00a0\u00a0\u00a0\u00a0\u00a0\u00a0\u00a0\u00a0\u00a0\u00a0\u00a0\u00a0\u00a0\u00a0\u00a0\u00a0\u00a0\u00a0\u00a0\u00a0\u00a0\u00a0\u00a0\u00a0\u00a0\u00a0\u00a0\u00a0\u00a0\u00a0\u00a0\u00a0\u00a0\u00a0\u00a0\u00a0\u00a0\u00a0\u00a0\u00a0\u00a0\u00a0\u00a0\u00a0\u00a0\u00a0\u00a0\u00a0\u00a0\u00a0\u00a0\u00a0\u00a0\u00a0\u00a0\u00a0\u00a0\u00a0\u00a0\u00a0\u00a0\u00a0 <\/em><\/strong>\u00c4lgn\u00e4s 8 mars -19<\/p>\n<p><strong><em>Beh\u00f6ver markerna delas upp i \u00e5ker, bete och skog?<\/em><\/strong><\/p>\n<p>S\u00e5 inleder f\u00f6reningen Knytkraft sin inbjudan till konferens 28 mars 2019:<\/p>\n<p>\u201d\u00c4r det en myt eller en naturgiven konflikt mellan bruk av naturen och v\u00e5rd av naturen? Kan h\u00f6g vitalitet f\u00f6rorenas i ekosystemet och effektivt tillfredsst\u00e4llda behov hos m\u00e4nniskan? Vad kan vi l\u00e4ra oss av det gr\u00f6na kulturarvet och f\u00e4bodens principer? Beh\u00f6ver markerna delas upp i \u00e5ker, bete och skog?\u201d<\/p>\n<p>F\u00e4bodr\u00f6relsen beh\u00f6ver p\u00e5verka regelsystemet p\u00e5 m\u00e5nga niv\u00e5er.<\/p>\n<p>Ett konkret f\u00f6rslag som vi inom GFF formulerade i samband med Swotanalysen inf\u00f6r kommande Landsbygdsprogram GJP vill jag g\u00e4rna dela:<\/p>\n<p><em>Ge oss\u00a0<strong>nya\/fler gr\u00f6dkoder f\u00f6r de Ekosystemtj\u00e4nster<\/strong>\u00a0som betande djur p\u00e5 skog och i utmarker utf\u00f6r inom Milj\u00f6ers\u00e4ttningarna.\u00a0<\/em><\/p>\n<p><em>\u00a0\u00a0 En ny kod, <strong>betesmark i f\u00e4bod<\/strong>, kan ge oss en bredare uppfattning av<br \/>\nomfattningen av F\u00e4bodbruk och en annan kod f\u00f6r<strong> utmarksbete<\/strong>, kan ge oss mer<br \/>\nkunskap i viktiga f\u00f6rh\u00e5llanden d\u00e4r bete sker.<\/em><\/p>\n<p><em>Eller sl\u00e5 dem samman till en kod <strong>Ers\u00e4ttning f\u00f6r bete i skog och utmarker<\/strong><\/em><\/p>\n<p><em>\u00a0\u00a0 Vi \u00f6nskar \u00e4ven att man ser \u00f6ver begreppet, <strong>ers\u00e4ttningen Skogsbete<\/strong>, som vi l\u00e4gger s\u00e5<br \/>\nolika inneb\u00f6rd i. Jordbruksverket har en inneb\u00f6rd och gemene man en annan.<br \/>\n<\/em><em>Med dessa konkreta \u00e4ndringar kan man f\u00e5 en tydligare bild av hur m\u00e5nga f\u00e4bodar som<\/em><\/p>\n<p><em>betas och sk\u00f6ts utan att den sk F\u00e4boders\u00e4ttningen har betaltas ut.<\/em><\/p>\n<p>&nbsp;<\/p>\n<p>S\u00e5 h\u00e4r ser Nuvarande Gr\u00f6dkoder\/ers\u00e4ttningarna ut i dagsl\u00e4get:<br \/>\ninom Milj\u00f6ers\u00e4ttningarna<\/p>\n<p>52 Betesmark<\/p>\n<p>53 Sl\u00e5tter\u00e4ng<\/p>\n<p>54 Skogsbete def. se Jordbruksverkets hemsida<\/p>\n<p>55 F\u00e4bodbete utan g\u00e5rdsst\u00f6d- mestadels i skog, endast f\u00f6r dem med sk F\u00e4bod\u00e5tagande<\/p>\n<p>61 F\u00e4bodbete med g\u00e5rdsst\u00f6d- troligtvis inh\u00e4gnat, endast f\u00f6r dem med sk F\u00e4bod\u00e5tagand<\/p>\n<p>95 Restaurering<\/p>\n<p>Med de nya gr\u00f6dkoderna, <strong>betesmark i f\u00e4bod<\/strong> och en annan kod f\u00f6r<strong> utmarksbete<\/strong>, eller den sammanslagna koden <strong><em>Ers\u00e4ttning f\u00f6r bete i skog och utmarker<\/em><\/strong><\/p>\n<p>kan vi f\u00e5 en bredare uppfattning av omfattningen bete knutet till f\u00e4bodar och utmarker,<br \/>\noavsett F\u00e4boders\u00e4ttning eller ej. Det kan ge oss mer kunskap om viktiga f\u00f6rh\u00e5llande.<\/p>\n<p>Genom detta kan man \u00e4ven identifiera dessa skogens tillskyndare f\u00f6r Biologiska m\u00e5ngfald,<\/p>\n<p>ge dem nya och markandsm\u00e4ssiga ers\u00e4ttningar f\u00f6r att f\u00f6rhindra igenv\u00e4xning utifr\u00e5n<br \/>\nmilj\u00f6m\u00e5let Levande skogar. Och f\u00f6r att tillsammans \u00e5terta den viktiga traditionella<br \/>\nkunskapen om bete i skog och i utmarker.<br \/>\nF\u00e4bodkulturens s\u00e4rst\u00e4llning genom Konventionen om biologisk m\u00e5ngfald med<br \/>\nartiklarna 8 och 10 bef\u00e4sts ytterligare.<\/p>\n<p><strong>Till vem,<\/strong> med p\u00e5verkan inom hela ers\u00e4ttningssystemet ska vi skicka detta konkreta f\u00f6rslag?<\/p>\n<p>Carin Gissl\u00e9n-Sch\u00f6nning<\/p>\n<p>Medlem i F\u00f6rbundet Svensk F\u00e4bodkultur (FSF) och<br \/>\nG\u00e4vleborgs F\u00e4bodf\u00f6rening (GFF)<\/p>\n<p>&nbsp;<\/p>\n<p>&nbsp;<\/p>\n","protected":false},"excerpt":{"rendered":"<p>&nbsp; L\u00f6rdagen den 9 mars var vi p\u00e5 bes\u00f6k i Ovan\u00e5ker. Vi presenterade projektresultaten s\u00e5h\u00e4r l\u00e5ngt f\u00f6r styrelsen f\u00f6r F\u00f6reningen f\u00f6r f\u00e4bod- och utmarksbruk. M\u00f6tesdeltagarna \u00e4r b\u00e5de kloka och kunniga i alla de fr\u00e5gor som vi arbetar med s\u00e5 vi fick fantastisk input inf\u00f6r slutspurten. Att m\u00f6tet sedan skedde i en s\u00e5dan vacker milj\u00f6 gjorde &hellip; <\/p>\n<p class=\"link-more\"><a href=\"https:\/\/blogg.sh.se\/biologiskt_kulturarv\/uncategorized\/pa-besok-i-ovanaker\/\" class=\"more-link\">Forts\u00e4tt l\u00e4sa<span class=\"screen-reader-text\"> \u201dP\u00e5 bes\u00f6k i Ovan\u00e5ker\u201d<\/span><\/a><\/p>\n","protected":false},"author":2,"featured_media":0,"comment_status":"open","ping_status":"open","sticky":false,"template":"","format":"standard","meta":[],"categories":[1],"tags":[],"_links":{"self":[{"href":"https:\/\/blogg.sh.se\/biologiskt_kulturarv\/wp-json\/wp\/v2\/posts\/271"}],"collection":[{"href":"https:\/\/blogg.sh.se\/biologiskt_kulturarv\/wp-json\/wp\/v2\/posts"}],"about":[{"href":"https:\/\/blogg.sh.se\/biologiskt_kulturarv\/wp-json\/wp\/v2\/types\/post"}],"author":[{"embeddable":true,"href":"https:\/\/blogg.sh.se\/biologiskt_kulturarv\/wp-json\/wp\/v2\/users\/2"}],"replies":[{"embeddable":true,"href":"https:\/\/blogg.sh.se\/biologiskt_kulturarv\/wp-json\/wp\/v2\/comments?post=271"}],"version-history":[{"count":1,"href":"https:\/\/blogg.sh.se\/biologiskt_kulturarv\/wp-json\/wp\/v2\/posts\/271\/revisions"}],"predecessor-version":[{"id":276,"href":"https:\/\/blogg.sh.se\/biologiskt_kulturarv\/wp-json\/wp\/v2\/posts\/271\/revisions\/276"}],"wp:attachment":[{"href":"https:\/\/blogg.sh.se\/biologiskt_kulturarv\/wp-json\/wp\/v2\/media?parent=271"}],"wp:term":[{"taxonomy":"category","embeddable":true,"href":"https:\/\/blogg.sh.se\/biologiskt_kulturarv\/wp-json\/wp\/v2\/categories?post=271"},{"taxonomy":"post_tag","embeddable":true,"href":"https:\/\/blogg.sh.se\/biologiskt_kulturarv\/wp-json\/wp\/v2\/tags?post=271"}],"curies":[{"name":"wp","href":"https:\/\/api.w.org\/{rel}","templated":true}]}}