{"id":265,"date":"2019-03-06T08:12:38","date_gmt":"2019-03-06T08:12:38","guid":{"rendered":"http:\/\/blogg.sh.se\/biologiskt_kulturarv\/?p=265"},"modified":"2019-03-06T08:12:38","modified_gmt":"2019-03-06T08:12:38","slug":"det-galler-livet-vart-levande-grona-kulturarv","status":"publish","type":"post","link":"https:\/\/blogg.sh.se\/biologiskt_kulturarv\/uncategorized\/det-galler-livet-vart-levande-grona-kulturarv\/","title":{"rendered":"Det g\u00e4ller livet! v\u00e5rt levande gr\u00f6na kulturarv"},"content":{"rendered":"<p>Under ovanst\u00e5ende rubrik samlades ig\u00e5r ett 60-tal personer p\u00e5 Kungliga Skogs och Lantbruksakademiens lokaler i Stockholm f\u00f6r att diskutera hur vi kan arbeta vidare f\u00f6r att bevara v\u00e5rt gr\u00f6na kulturarv. Seminariet kom till som ett resultat av Nordiska Museets nedl\u00e4ggning av forsknings- och odlingsverksamheten av gamla kultursorter.<\/p>\n<p>Seminariet genomf\u00f6rdes utifr\u00e5n Open Space och 18 teman diskuterades. Vi i projektet h\u00f6ll sj\u00e4lva i diskussionen kring temat Sensorik\/Aff\u00e4rsutveckling och deltog tillsammans med andra \u00e4ven i diskussionen om hur vi kan \u00f6ka medvetenheten om begreppet biologiskt kulturarv.<\/p>\n<p>&nbsp;<\/p>\n<p>Deltagare v\u00e4ljer vilken diskussion de vill vara i<\/p>\n<p><a href=\"http:\/\/blogg.sh.se\/biologiskt_kulturarv\/wp-content\/uploads\/2019\/03\/DSC02875-openspace.jpg\"><img loading=\"lazy\" class=\"alignnone size-medium wp-image-266\" src=\"http:\/\/blogg.sh.se\/biologiskt_kulturarv\/wp-content\/uploads\/2019\/03\/DSC02875-openspace-300x216.jpg\" alt=\"\" width=\"300\" height=\"216\" srcset=\"https:\/\/blogg.sh.se\/biologiskt_kulturarv\/wp-content\/uploads\/2019\/03\/DSC02875-openspace-300x216.jpg 300w, https:\/\/blogg.sh.se\/biologiskt_kulturarv\/wp-content\/uploads\/2019\/03\/DSC02875-openspace-768x552.jpg 768w, https:\/\/blogg.sh.se\/biologiskt_kulturarv\/wp-content\/uploads\/2019\/03\/DSC02875-openspace-1024x736.jpg 1024w, https:\/\/blogg.sh.se\/biologiskt_kulturarv\/wp-content\/uploads\/2019\/03\/DSC02875-openspace-580x417.jpg 580w\" sizes=\"(max-width: 300px) 100vw, 300px\" \/><\/a><\/p>\n<p>Projektteamet i diskussionsgrupp p\u00e5 KSLA:s bibliotek<\/p>\n<p><a href=\"http:\/\/blogg.sh.se\/biologiskt_kulturarv\/wp-content\/uploads\/2019\/03\/2019030_vidiskuterrar.jpg\"><img loading=\"lazy\" class=\"alignnone size-medium wp-image-267\" src=\"http:\/\/blogg.sh.se\/biologiskt_kulturarv\/wp-content\/uploads\/2019\/03\/2019030_vidiskuterrar-300x225.jpg\" alt=\"\" width=\"300\" height=\"225\" srcset=\"https:\/\/blogg.sh.se\/biologiskt_kulturarv\/wp-content\/uploads\/2019\/03\/2019030_vidiskuterrar-300x225.jpg 300w, https:\/\/blogg.sh.se\/biologiskt_kulturarv\/wp-content\/uploads\/2019\/03\/2019030_vidiskuterrar-768x576.jpg 768w, https:\/\/blogg.sh.se\/biologiskt_kulturarv\/wp-content\/uploads\/2019\/03\/2019030_vidiskuterrar-1024x768.jpg 1024w, https:\/\/blogg.sh.se\/biologiskt_kulturarv\/wp-content\/uploads\/2019\/03\/2019030_vidiskuterrar-580x435.jpg 580w\" sizes=\"(max-width: 300px) 100vw, 300px\" \/><\/a><\/p>\n<p>Auditoriet<\/p>\n<p><a href=\"http:\/\/blogg.sh.se\/biologiskt_kulturarv\/wp-content\/uploads\/2019\/03\/DSC02857-auditoriet.jpg\"><img loading=\"lazy\" class=\"alignnone size-medium wp-image-268\" src=\"http:\/\/blogg.sh.se\/biologiskt_kulturarv\/wp-content\/uploads\/2019\/03\/DSC02857-auditoriet-300x225.jpg\" alt=\"\" width=\"300\" height=\"225\" srcset=\"https:\/\/blogg.sh.se\/biologiskt_kulturarv\/wp-content\/uploads\/2019\/03\/DSC02857-auditoriet-300x225.jpg 300w, https:\/\/blogg.sh.se\/biologiskt_kulturarv\/wp-content\/uploads\/2019\/03\/DSC02857-auditoriet-768x576.jpg 768w, https:\/\/blogg.sh.se\/biologiskt_kulturarv\/wp-content\/uploads\/2019\/03\/DSC02857-auditoriet-1024x768.jpg 1024w, https:\/\/blogg.sh.se\/biologiskt_kulturarv\/wp-content\/uploads\/2019\/03\/DSC02857-auditoriet-580x435.jpg 580w\" sizes=\"(max-width: 300px) 100vw, 300px\" \/><\/a><\/p>\n<p>Beskrivning av &#8221;v\u00e5r&#8221; f\u00f6reslagna diskussionsgrupp<\/p>\n<p><a href=\"http:\/\/blogg.sh.se\/biologiskt_kulturarv\/wp-content\/uploads\/2019\/03\/20190305_varsession.jpg\"><img loading=\"lazy\" class=\"alignnone size-medium wp-image-269\" src=\"http:\/\/blogg.sh.se\/biologiskt_kulturarv\/wp-content\/uploads\/2019\/03\/20190305_varsession-300x169.jpg\" alt=\"\" width=\"300\" height=\"169\" srcset=\"https:\/\/blogg.sh.se\/biologiskt_kulturarv\/wp-content\/uploads\/2019\/03\/20190305_varsession-300x169.jpg 300w, https:\/\/blogg.sh.se\/biologiskt_kulturarv\/wp-content\/uploads\/2019\/03\/20190305_varsession-768x432.jpg 768w, https:\/\/blogg.sh.se\/biologiskt_kulturarv\/wp-content\/uploads\/2019\/03\/20190305_varsession-1024x576.jpg 1024w, https:\/\/blogg.sh.se\/biologiskt_kulturarv\/wp-content\/uploads\/2019\/03\/20190305_varsession-580x326.jpg 580w\" sizes=\"(max-width: 300px) 100vw, 300px\" \/><\/a><\/p>\n","protected":false},"excerpt":{"rendered":"<p>Under ovanst\u00e5ende rubrik samlades ig\u00e5r ett 60-tal personer p\u00e5 Kungliga Skogs och Lantbruksakademiens lokaler i Stockholm f\u00f6r att diskutera hur vi kan arbeta vidare f\u00f6r att bevara v\u00e5rt gr\u00f6na kulturarv. Seminariet kom till som ett resultat av Nordiska Museets nedl\u00e4ggning av forsknings- och odlingsverksamheten av gamla kultursorter. Seminariet genomf\u00f6rdes utifr\u00e5n Open Space och 18 teman &hellip; <\/p>\n<p class=\"link-more\"><a href=\"https:\/\/blogg.sh.se\/biologiskt_kulturarv\/uncategorized\/det-galler-livet-vart-levande-grona-kulturarv\/\" class=\"more-link\">Forts\u00e4tt l\u00e4sa<span class=\"screen-reader-text\"> \u201dDet g\u00e4ller livet! v\u00e5rt levande gr\u00f6na kulturarv\u201d<\/span><\/a><\/p>\n","protected":false},"author":2,"featured_media":0,"comment_status":"open","ping_status":"open","sticky":false,"template":"","format":"standard","meta":[],"categories":[1],"tags":[],"_links":{"self":[{"href":"https:\/\/blogg.sh.se\/biologiskt_kulturarv\/wp-json\/wp\/v2\/posts\/265"}],"collection":[{"href":"https:\/\/blogg.sh.se\/biologiskt_kulturarv\/wp-json\/wp\/v2\/posts"}],"about":[{"href":"https:\/\/blogg.sh.se\/biologiskt_kulturarv\/wp-json\/wp\/v2\/types\/post"}],"author":[{"embeddable":true,"href":"https:\/\/blogg.sh.se\/biologiskt_kulturarv\/wp-json\/wp\/v2\/users\/2"}],"replies":[{"embeddable":true,"href":"https:\/\/blogg.sh.se\/biologiskt_kulturarv\/wp-json\/wp\/v2\/comments?post=265"}],"version-history":[{"count":1,"href":"https:\/\/blogg.sh.se\/biologiskt_kulturarv\/wp-json\/wp\/v2\/posts\/265\/revisions"}],"predecessor-version":[{"id":270,"href":"https:\/\/blogg.sh.se\/biologiskt_kulturarv\/wp-json\/wp\/v2\/posts\/265\/revisions\/270"}],"wp:attachment":[{"href":"https:\/\/blogg.sh.se\/biologiskt_kulturarv\/wp-json\/wp\/v2\/media?parent=265"}],"wp:term":[{"taxonomy":"category","embeddable":true,"href":"https:\/\/blogg.sh.se\/biologiskt_kulturarv\/wp-json\/wp\/v2\/categories?post=265"},{"taxonomy":"post_tag","embeddable":true,"href":"https:\/\/blogg.sh.se\/biologiskt_kulturarv\/wp-json\/wp\/v2\/tags?post=265"}],"curies":[{"name":"wp","href":"https:\/\/api.w.org\/{rel}","templated":true}]}}