{"id":241,"date":"2018-03-21T21:34:48","date_gmt":"2018-03-21T21:34:48","guid":{"rendered":"http:\/\/blogg.sh.se\/biologiskt_kulturarv\/?p=241"},"modified":"2018-03-21T21:34:48","modified_gmt":"2018-03-21T21:34:48","slug":"inleder-fm-i-mathantverk","status":"publish","type":"post","link":"https:\/\/blogg.sh.se\/biologiskt_kulturarv\/uncategorized\/inleder-fm-i-mathantverk\/","title":{"rendered":"Inleder FM i mathantverk"},"content":{"rendered":"<p>Imorgon kring niosn\u00e5ret har jag f\u00e5tt \u00e4ran att inleda Finska M\u00e4sterskapen i mathantverk och d\u00e5 kommer jag att ber\u00e4tta om v\u00e5rt arbete i projektet. Bilden h\u00e4r visar p\u00e5 omslaget till den aff\u00e4rsutvecklingsmanual f\u00f6r f\u00e4bodbrukare och mathantverkare som har utvecklats under v\u00e5rt projekt. Jag k\u00e4nner mig \u00f6dmjuk och glad \u00f6ver att f\u00e5 \u00e4ran att kommunicera v\u00e5ra gemensamma resultat.<\/p>\n<p>Stort tack till er alla fantastiska producenter som har bidragit till detta!<a href=\"http:\/\/blogg.sh.se\/biologiskt_kulturarv\/wp-content\/uploads\/2018\/03\/omslaget.jpg\"><img loading=\"lazy\" class=\"alignnone size-medium wp-image-242\" src=\"http:\/\/blogg.sh.se\/biologiskt_kulturarv\/wp-content\/uploads\/2018\/03\/omslaget-234x300.jpg\" alt=\"\" width=\"234\" height=\"300\" srcset=\"https:\/\/blogg.sh.se\/biologiskt_kulturarv\/wp-content\/uploads\/2018\/03\/omslaget-234x300.jpg 234w, https:\/\/blogg.sh.se\/biologiskt_kulturarv\/wp-content\/uploads\/2018\/03\/omslaget-768x985.jpg 768w, https:\/\/blogg.sh.se\/biologiskt_kulturarv\/wp-content\/uploads\/2018\/03\/omslaget-799x1024.jpg 799w, https:\/\/blogg.sh.se\/biologiskt_kulturarv\/wp-content\/uploads\/2018\/03\/omslaget-580x744.jpg 580w, https:\/\/blogg.sh.se\/biologiskt_kulturarv\/wp-content\/uploads\/2018\/03\/omslaget.jpg 818w\" sizes=\"(max-width: 234px) 100vw, 234px\" \/><\/a><\/p>\n","protected":false},"excerpt":{"rendered":"<p>Imorgon kring niosn\u00e5ret har jag f\u00e5tt \u00e4ran att inleda Finska M\u00e4sterskapen i mathantverk och d\u00e5 kommer jag att ber\u00e4tta om v\u00e5rt arbete i projektet. Bilden h\u00e4r visar p\u00e5 omslaget till den aff\u00e4rsutvecklingsmanual f\u00f6r f\u00e4bodbrukare och mathantverkare som har utvecklats under v\u00e5rt projekt. Jag k\u00e4nner mig \u00f6dmjuk och glad \u00f6ver att f\u00e5 \u00e4ran att kommunicera v\u00e5ra &hellip; <\/p>\n<p class=\"link-more\"><a href=\"https:\/\/blogg.sh.se\/biologiskt_kulturarv\/uncategorized\/inleder-fm-i-mathantverk\/\" class=\"more-link\">Forts\u00e4tt l\u00e4sa<span class=\"screen-reader-text\"> \u201dInleder FM i mathantverk\u201d<\/span><\/a><\/p>\n","protected":false},"author":2,"featured_media":0,"comment_status":"open","ping_status":"open","sticky":false,"template":"","format":"standard","meta":[],"categories":[1],"tags":[],"_links":{"self":[{"href":"https:\/\/blogg.sh.se\/biologiskt_kulturarv\/wp-json\/wp\/v2\/posts\/241"}],"collection":[{"href":"https:\/\/blogg.sh.se\/biologiskt_kulturarv\/wp-json\/wp\/v2\/posts"}],"about":[{"href":"https:\/\/blogg.sh.se\/biologiskt_kulturarv\/wp-json\/wp\/v2\/types\/post"}],"author":[{"embeddable":true,"href":"https:\/\/blogg.sh.se\/biologiskt_kulturarv\/wp-json\/wp\/v2\/users\/2"}],"replies":[{"embeddable":true,"href":"https:\/\/blogg.sh.se\/biologiskt_kulturarv\/wp-json\/wp\/v2\/comments?post=241"}],"version-history":[{"count":2,"href":"https:\/\/blogg.sh.se\/biologiskt_kulturarv\/wp-json\/wp\/v2\/posts\/241\/revisions"}],"predecessor-version":[{"id":244,"href":"https:\/\/blogg.sh.se\/biologiskt_kulturarv\/wp-json\/wp\/v2\/posts\/241\/revisions\/244"}],"wp:attachment":[{"href":"https:\/\/blogg.sh.se\/biologiskt_kulturarv\/wp-json\/wp\/v2\/media?parent=241"}],"wp:term":[{"taxonomy":"category","embeddable":true,"href":"https:\/\/blogg.sh.se\/biologiskt_kulturarv\/wp-json\/wp\/v2\/categories?post=241"},{"taxonomy":"post_tag","embeddable":true,"href":"https:\/\/blogg.sh.se\/biologiskt_kulturarv\/wp-json\/wp\/v2\/tags?post=241"}],"curies":[{"name":"wp","href":"https:\/\/api.w.org\/{rel}","templated":true}]}}