{"id":237,"date":"2018-03-17T11:31:37","date_gmt":"2018-03-17T11:31:37","guid":{"rendered":"http:\/\/blogg.sh.se\/biologiskt_kulturarv\/?p=237"},"modified":"2018-03-17T11:31:37","modified_gmt":"2018-03-17T11:31:37","slug":"kator-kokhus-fahus","status":"publish","type":"post","link":"https:\/\/blogg.sh.se\/biologiskt_kulturarv\/uncategorized\/kator-kokhus-fahus\/","title":{"rendered":"K\u00e5tor, kokhus, f\u00e4hus&#8230;."},"content":{"rendered":"<p>Livsmedel och andra produkter som har sin utg\u00e5ngspunkt i ett biologiskt kulturarv, d.v.s. landskapet, v\u00e4xterna, klimatet, traditionen, den ned\u00e4rvda kunskapen, lantraserna, know-how beh\u00f6ver ocks\u00e5 de byggnader som traditionellt har anv\u00e4nts f\u00f6r att livsmedlen\/produkterna ska bli till.<\/p>\n<p>N\u00e4r producenten blir \u00e4ldre och inte klarar av att ha kvar djuren kan g\u00e4llande lagstiftning om n\u00e4r man har r\u00e4tt att ha kvar en byggnad frontalkrocka med behovet av att bevara de byggnader som varit b\u00e5de en del av landskapet och av det biologiska kulturarvet.<\/p>\n<p>Aftonbladets artikel om Anita och hennes k\u00e5ta belyser de tvetydigheter och mots\u00e4ttningar i samh\u00e4lleliga m\u00e5ls\u00e4ttningar n\u00e4r man \u00e5 ena sidan har en lagstiftning som r\u00f6r bebyggelse och d\u00e4r det \u00e5 andra sidan finns ett tydligt samh\u00e4lleligt uppdrag p\u00e5 att bevara v\u00e5rt arv. Artikeln visar ett av m\u00e5nga exempel p\u00e5 samh\u00e4lleliga konflikter som p\u00e5 ett eller annat s\u00e4tt kan p\u00e5verka m\u00f6jligheten att bevara v\u00e5rt biologiska kulturarv.<\/p>\n<p><a href=\"https:\/\/www.aftonbladet.se\/a\/21Xaka\">Kronofogden t\u00e4nker br\u00e4nna Anitas k\u00e5ta<\/a><\/p>\n<p>&nbsp;<\/p>\n","protected":false},"excerpt":{"rendered":"<p>Livsmedel och andra produkter som har sin utg\u00e5ngspunkt i ett biologiskt kulturarv, d.v.s. landskapet, v\u00e4xterna, klimatet, traditionen, den ned\u00e4rvda kunskapen, lantraserna, know-how beh\u00f6ver ocks\u00e5 de byggnader som traditionellt har anv\u00e4nts f\u00f6r att livsmedlen\/produkterna ska bli till. N\u00e4r producenten blir \u00e4ldre och inte klarar av att ha kvar djuren kan g\u00e4llande lagstiftning om n\u00e4r man har &hellip; <\/p>\n<p class=\"link-more\"><a href=\"https:\/\/blogg.sh.se\/biologiskt_kulturarv\/uncategorized\/kator-kokhus-fahus\/\" class=\"more-link\">Forts\u00e4tt l\u00e4sa<span class=\"screen-reader-text\"> \u201dK\u00e5tor, kokhus, f\u00e4hus&#8230;.\u201d<\/span><\/a><\/p>\n","protected":false},"author":2,"featured_media":0,"comment_status":"open","ping_status":"open","sticky":false,"template":"","format":"standard","meta":[],"categories":[1],"tags":[],"_links":{"self":[{"href":"https:\/\/blogg.sh.se\/biologiskt_kulturarv\/wp-json\/wp\/v2\/posts\/237"}],"collection":[{"href":"https:\/\/blogg.sh.se\/biologiskt_kulturarv\/wp-json\/wp\/v2\/posts"}],"about":[{"href":"https:\/\/blogg.sh.se\/biologiskt_kulturarv\/wp-json\/wp\/v2\/types\/post"}],"author":[{"embeddable":true,"href":"https:\/\/blogg.sh.se\/biologiskt_kulturarv\/wp-json\/wp\/v2\/users\/2"}],"replies":[{"embeddable":true,"href":"https:\/\/blogg.sh.se\/biologiskt_kulturarv\/wp-json\/wp\/v2\/comments?post=237"}],"version-history":[{"count":2,"href":"https:\/\/blogg.sh.se\/biologiskt_kulturarv\/wp-json\/wp\/v2\/posts\/237\/revisions"}],"predecessor-version":[{"id":239,"href":"https:\/\/blogg.sh.se\/biologiskt_kulturarv\/wp-json\/wp\/v2\/posts\/237\/revisions\/239"}],"wp:attachment":[{"href":"https:\/\/blogg.sh.se\/biologiskt_kulturarv\/wp-json\/wp\/v2\/media?parent=237"}],"wp:term":[{"taxonomy":"category","embeddable":true,"href":"https:\/\/blogg.sh.se\/biologiskt_kulturarv\/wp-json\/wp\/v2\/categories?post=237"},{"taxonomy":"post_tag","embeddable":true,"href":"https:\/\/blogg.sh.se\/biologiskt_kulturarv\/wp-json\/wp\/v2\/tags?post=237"}],"curies":[{"name":"wp","href":"https:\/\/api.w.org\/{rel}","templated":true}]}}