{"id":233,"date":"2018-03-11T17:51:18","date_gmt":"2018-03-11T17:51:18","guid":{"rendered":"http:\/\/blogg.sh.se\/biologiskt_kulturarv\/?p=233"},"modified":"2018-03-11T17:53:24","modified_gmt":"2018-03-11T17:53:24","slug":"imorgon-kor-vi-igang-nasta-workshop-om-affarsutveckling-for-fabodbrukare-och-mathantverkare","status":"publish","type":"post","link":"https:\/\/blogg.sh.se\/biologiskt_kulturarv\/uncategorized\/imorgon-kor-vi-igang-nasta-workshop-om-affarsutveckling-for-fabodbrukare-och-mathantverkare\/","title":{"rendered":"Imorgon k\u00f6r vi ig\u00e5ng n\u00e4sta workshop om aff\u00e4rsutveckling f\u00f6r f\u00e4bodbrukare och mathantverkare 12-14 mars"},"content":{"rendered":"<p>Nedan hittar du programmet i sin helhet.<\/p>\n<p>Varmt v\u00e4lkomna allihopa!<\/p>\n<p><a href=\"http:\/\/blogg.sh.se\/biologiskt_kulturarv\/wp-content\/uploads\/2018\/03\/loggor-sv-no.jpg\"><img loading=\"lazy\" class=\"alignnone size-medium wp-image-234\" src=\"http:\/\/blogg.sh.se\/biologiskt_kulturarv\/wp-content\/uploads\/2018\/03\/loggor-sv-no-300x112.jpg\" alt=\"\" width=\"300\" height=\"112\" srcset=\"https:\/\/blogg.sh.se\/biologiskt_kulturarv\/wp-content\/uploads\/2018\/03\/loggor-sv-no-300x112.jpg 300w, https:\/\/blogg.sh.se\/biologiskt_kulturarv\/wp-content\/uploads\/2018\/03\/loggor-sv-no-580x217.jpg 580w, https:\/\/blogg.sh.se\/biologiskt_kulturarv\/wp-content\/uploads\/2018\/03\/loggor-sv-no.jpg 604w\" sizes=\"(max-width: 300px) 100vw, 300px\" \/><\/a><\/p>\n<p><strong>Program for Workshop<\/strong><\/p>\n<p><strong>\u00abBiologisk kulturarv som b\u00e6rekraftig verdiskaper\u00bb<\/strong><\/p>\n<p>&nbsp;<\/p>\n<p><strong>Dato:<\/strong> 12 \u2013 15 mars 2018 (Del 1: 12\u201313 mars, del 2: 13\u201315 mars)<\/p>\n<p><strong>Sted:<\/strong> Oltj\u00e4rn Kurs och Fritid, Hede<\/p>\n<p>Detta \u00e4r ett kurstillf\u00e4lle som egentligen \u00e4r en kurs om tv\u00e5 olika delar. Del 1 (12\u201313\/3) \u00e4r en repetition fr\u00e5n Austkil i november 2017, slik at de som deltok der kommer til Del 2 f\u00f6rdjupningskursen (13\u201315\/3).<\/p>\n<p>&nbsp;<\/p>\n<p><strong>M\u00e5ndag 12 mars <\/strong><\/p>\n<p><strong>17.00 &#8211; 18.00\u00a0\u00a0\u00a0<\/strong>Oppm\u00f8te, innkvartering og enkel mat<\/p>\n<p><strong>19.00 &#8211;<\/strong> <strong>21.00<\/strong>\u00a0 \u00a0Velkommen (v\/ H\u00e5kan Tun\u00f3n, Centrum f\u00f6r biologisk m\u00e5ngfald &amp; Paulina Rytk\u00f6nen, S\u00f6dert\u00f6rns h\u00f6gskola).<\/p>\n<p>Hva er biologisk kulturarv og hvorfor fokusere p\u00e5 dette temaet?<\/p>\n<p>Presentation av deltagarna och deras verksamhet (ca. 15 min per produsent).<\/p>\n<p>&nbsp;<\/p>\n<p><strong>Tisdag 13 mars<\/strong><\/p>\n<p><strong>07.00 \u2013 8.30<\/strong>\u00a0 \u00a0 Frukost<\/p>\n<p><strong>08.30 \u2013 11.30<\/strong>\u00a0 Metoder f\u00f6r att beskriva smakord \u2013 inklusive praktisk \u00f6vning utifr\u00e5n n\u00e5gon produkt (Paulina Rytk\u00f6nen). Ta med egna produkt til dette!<\/p>\n<p><strong>11.30 \u2013 12.30<\/strong>\u00a0 Lunch<\/p>\n<p><strong>12.30 \u2013 14.30\u00a0 <\/strong>Forretningsutvikling basert p\u00e5 egne ideer. Gruppearbeid, individuelt arbeid (v\/Anders Linga, Proneo och Paulina Rytk\u00f6nen, S\u00f6dert\u00f6rns h\u00f6gskola).<\/p>\n<p><strong>14.30 \u2013 15.00<\/strong>\u00a0 Kaffepause<\/p>\n<p><strong>15.00 \u2013 18.00<\/strong>\u00a0 Forretningsutvikling basert p\u00e5 egne ideer. Gruppearbeid, individuelt arbeid (v\/Anders och Paulina).<\/p>\n<p><strong>18.00 \u2013 19.00<\/strong>\u00a0 Middag\u00a0 \u00a0<em>ankomst f\u00f6r de som var med i Austkil<\/em><\/p>\n<p><strong>19.00 &#8211; 21.30<\/strong>\u00a0 \u00a0Hva skjedd siden sist? Produsentene oppsummerer hvordan de har jobbet videre med sine egne forretningsideer siden forrige workshop. &#8211; (ca. 15 min per produsent).<\/p>\n<p>&nbsp;<\/p>\n<p><strong>Onsdag 14 mars<\/strong><\/p>\n<p><strong>07.00 \u2013 08.00\u00a0 <\/strong>Frukost<\/p>\n<p><strong>08.00 \u2013 12.00\u00a0 <\/strong>Eldrimners arbete med f\u00e4bodbrukare. (v\/Birgitta Sundin, Eldrimner).<\/p>\n<p>Introduktion till kartl\u00e4ggning av biologisk kulturarv p\u00e5 egen g\u00e5rd\/platsen. (v\/H\u00e5kan &amp; Bolette).<\/p>\n<p>Individuellt arbete med kartor \u00f6ver gamle kulturmarker, arealer brukttil h\u00f8sting av ulike f\u00f4rressurser, ferdselsveier, kulturminner, kulturspor i tre, tradisjonell bruk av planter, sagn mm. Ta med for eksempel g\u00e5rdkart og andre kart over egen eiendom (ogs\u00e5 inkludert utmark).<\/p>\n<p>Parallellt videre jobbing med egne forretningsideer, individuell veiledning etter \u00f8nske (v\/Anders).<\/p>\n<p>Parallellt individuell feedback p\u00e5 produkter och aff\u00e4rsid\u00e9er (v\/Paulina).<\/p>\n<p><strong>12.00 \u2013 13.00\u00a0 Lunsj<\/strong><\/p>\n<p><strong>13.00 \u2013 16.00\u00a0 <\/strong>F\u00e4bodprodukternas\/sm\u00e5skaleprodusentenes smakord. Praktisk \u00f6vning med exempelvis spekemat, sm\u00f6r och ost (v\/Paulina &amp; Sofia \u00c5gren, Eldrimner). Ta med egne produkter.<\/p>\n<p><strong>16.00\u201317.30<\/strong>\u00a0 \u00a0 Vilka \u00e4r konsumenterna och hur arbetar vi med dem? (v\/Paulina)<\/p>\n<p><strong>18.00\u201319.00\u00a0 \u00a0 Middag<\/strong><\/p>\n<p>Diskussion om hur vi arbetar med konsumenter<\/p>\n<p>&nbsp;<\/p>\n<p><strong>Torsdag 15 mars<\/strong>\u00a0 <em>prelimin\u00e4rt<\/em><\/p>\n<p><strong>07.00 \u2013 08.00\u00a0<\/strong>Frukost<\/p>\n<p><strong>08.00 \u2013 12.00\u00a0<\/strong>Etnobotanik och biologiskt kulturarv \u2013 presentation och diskussion om nytta och m\u00f6jligheter. (v\/H\u00e5kan &amp; Bolette).<\/p>\n<p>Skj\u00f8tsel av verdifulle kulturmarker (tilskuddsordninger?). (v\/Bolette &amp; H\u00e5kan)<\/p>\n<p>Vad kan kommunen hj\u00e4lpa till med? (v\/Malin Fjellgren, landsbygdsutvecklare, H\u00e4rjedalens kommun)<\/p>\n<p>Avslutning och vad blir n\u00e4sta steg? (v\/Bolette, H\u00e5kan &amp; Paulina)<\/p>\n<p><strong>12.00 \u2013 13.00\u00a0 Lunch<\/strong><\/p>\n<p><strong>Ta gjerne kontakt med oss for ytterligere informasjon:<\/strong><\/p>\n<p>H\u00e5kan Tun\u00f3n (CBM, Centrum f\u00f6r biologisk m\u00e5ngfald, Uppsala): <a href=\"mailto:Hakan.Tunon@slu.se\">Hakan.Tunon@slu.se<\/a><\/p>\n<p>Paulina Rytk\u00f6nen (S\u00f6dert\u00f6rns h\u00f6gskola, Stockholm) <a href=\"mailto:paulina.rytkonen@sh.se\">paulina.rytkonen@sh.se<\/a><\/p>\n<p>Bolette Bele (NIBIO, Norsk Institutt for bio\u00f8konomi, Stj\u00f8rdal): <a href=\"mailto:bolette.bele@nibio.no\">bolette.bele@nibio.no<\/a><\/p>\n<p>&nbsp;<\/p>\n<p>Velkommen!<\/p>\n<p><strong>F\u00f8lg oss gjerne p\u00e5 bloggen:<\/strong> F\u00f6lj g\u00e4rna v\u00e5r blogg F\u00f6lj g\u00e4rna v\u00e5r blogg http:\/\/blogg.sh.se\/biologiskt_kulturarv\/<\/p>\n<p><strong>Och p\u00e5 facebook: <\/strong><a href=\"https:\/\/www.facebook.com\/Mat-med-Historia-187429037982443\/\">https:\/\/www.facebook.com\/Mat-med-Historia-187429037982443\/<\/a><\/p>\n","protected":false},"excerpt":{"rendered":"<p>Nedan hittar du programmet i sin helhet. Varmt v\u00e4lkomna allihopa! Program for Workshop \u00abBiologisk kulturarv som b\u00e6rekraftig verdiskaper\u00bb &nbsp; Dato: 12 \u2013 15 mars 2018 (Del 1: 12\u201313 mars, del 2: 13\u201315 mars) Sted: Oltj\u00e4rn Kurs och Fritid, Hede Detta \u00e4r ett kurstillf\u00e4lle som egentligen \u00e4r en kurs om tv\u00e5 olika delar. Del 1 (12\u201313\/3) &hellip; <\/p>\n<p class=\"link-more\"><a href=\"https:\/\/blogg.sh.se\/biologiskt_kulturarv\/uncategorized\/imorgon-kor-vi-igang-nasta-workshop-om-affarsutveckling-for-fabodbrukare-och-mathantverkare\/\" class=\"more-link\">Forts\u00e4tt l\u00e4sa<span class=\"screen-reader-text\"> \u201dImorgon k\u00f6r vi ig\u00e5ng n\u00e4sta workshop om aff\u00e4rsutveckling f\u00f6r f\u00e4bodbrukare och mathantverkare 12-14 mars\u201d<\/span><\/a><\/p>\n","protected":false},"author":2,"featured_media":0,"comment_status":"open","ping_status":"open","sticky":false,"template":"","format":"standard","meta":[],"categories":[1],"tags":[],"_links":{"self":[{"href":"https:\/\/blogg.sh.se\/biologiskt_kulturarv\/wp-json\/wp\/v2\/posts\/233"}],"collection":[{"href":"https:\/\/blogg.sh.se\/biologiskt_kulturarv\/wp-json\/wp\/v2\/posts"}],"about":[{"href":"https:\/\/blogg.sh.se\/biologiskt_kulturarv\/wp-json\/wp\/v2\/types\/post"}],"author":[{"embeddable":true,"href":"https:\/\/blogg.sh.se\/biologiskt_kulturarv\/wp-json\/wp\/v2\/users\/2"}],"replies":[{"embeddable":true,"href":"https:\/\/blogg.sh.se\/biologiskt_kulturarv\/wp-json\/wp\/v2\/comments?post=233"}],"version-history":[{"count":2,"href":"https:\/\/blogg.sh.se\/biologiskt_kulturarv\/wp-json\/wp\/v2\/posts\/233\/revisions"}],"predecessor-version":[{"id":236,"href":"https:\/\/blogg.sh.se\/biologiskt_kulturarv\/wp-json\/wp\/v2\/posts\/233\/revisions\/236"}],"wp:attachment":[{"href":"https:\/\/blogg.sh.se\/biologiskt_kulturarv\/wp-json\/wp\/v2\/media?parent=233"}],"wp:term":[{"taxonomy":"category","embeddable":true,"href":"https:\/\/blogg.sh.se\/biologiskt_kulturarv\/wp-json\/wp\/v2\/categories?post=233"},{"taxonomy":"post_tag","embeddable":true,"href":"https:\/\/blogg.sh.se\/biologiskt_kulturarv\/wp-json\/wp\/v2\/tags?post=233"}],"curies":[{"name":"wp","href":"https:\/\/api.w.org\/{rel}","templated":true}]}}