{"id":207,"date":"2018-01-29T19:06:54","date_gmt":"2018-01-29T19:06:54","guid":{"rendered":"http:\/\/blogg.sh.se\/biologiskt_kulturarv\/?p=207"},"modified":"2018-01-29T19:07:05","modified_gmt":"2018-01-29T19:07:05","slug":"fem-minuter-om-akerbar-och-biologiskt-kulturarv","status":"publish","type":"post","link":"https:\/\/blogg.sh.se\/biologiskt_kulturarv\/uncategorized\/fem-minuter-om-akerbar-och-biologiskt-kulturarv\/","title":{"rendered":"Fem minuter om \u00e5kerb\u00e4r och biologiskt kulturarv"},"content":{"rendered":"<p>Den 17 januari blev v\u00e5rt arbete uppm\u00e4rksammat av radioprofilerna Epstein och Nordengren. Inslaget finns i programmets sista fem minuter.<\/p>\n<p><a href=\"http:\/\/sverigesradio.se\/sida\/avsnitt\/1009004?programid=4058\">http:\/\/sverigesradio.se\/sida\/avsnitt\/1009004?programid=4058<\/a><\/p>\n","protected":false},"excerpt":{"rendered":"<p>Den 17 januari blev v\u00e5rt arbete uppm\u00e4rksammat av radioprofilerna Epstein och Nordengren. Inslaget finns i programmets sista fem minuter. http:\/\/sverigesradio.se\/sida\/avsnitt\/1009004?programid=4058<\/p>\n","protected":false},"author":2,"featured_media":0,"comment_status":"open","ping_status":"open","sticky":false,"template":"","format":"standard","meta":[],"categories":[1],"tags":[],"_links":{"self":[{"href":"https:\/\/blogg.sh.se\/biologiskt_kulturarv\/wp-json\/wp\/v2\/posts\/207"}],"collection":[{"href":"https:\/\/blogg.sh.se\/biologiskt_kulturarv\/wp-json\/wp\/v2\/posts"}],"about":[{"href":"https:\/\/blogg.sh.se\/biologiskt_kulturarv\/wp-json\/wp\/v2\/types\/post"}],"author":[{"embeddable":true,"href":"https:\/\/blogg.sh.se\/biologiskt_kulturarv\/wp-json\/wp\/v2\/users\/2"}],"replies":[{"embeddable":true,"href":"https:\/\/blogg.sh.se\/biologiskt_kulturarv\/wp-json\/wp\/v2\/comments?post=207"}],"version-history":[{"count":1,"href":"https:\/\/blogg.sh.se\/biologiskt_kulturarv\/wp-json\/wp\/v2\/posts\/207\/revisions"}],"predecessor-version":[{"id":208,"href":"https:\/\/blogg.sh.se\/biologiskt_kulturarv\/wp-json\/wp\/v2\/posts\/207\/revisions\/208"}],"wp:attachment":[{"href":"https:\/\/blogg.sh.se\/biologiskt_kulturarv\/wp-json\/wp\/v2\/media?parent=207"}],"wp:term":[{"taxonomy":"category","embeddable":true,"href":"https:\/\/blogg.sh.se\/biologiskt_kulturarv\/wp-json\/wp\/v2\/categories?post=207"},{"taxonomy":"post_tag","embeddable":true,"href":"https:\/\/blogg.sh.se\/biologiskt_kulturarv\/wp-json\/wp\/v2\/tags?post=207"}],"curies":[{"name":"wp","href":"https:\/\/api.w.org\/{rel}","templated":true}]}}